{"id":8113,"date":"2025-10-07T10:46:42","date_gmt":"2025-10-07T07:46:42","guid":{"rendered":"https:\/\/erasmus.cumhuriyet.edu.tr\/?p=8113"},"modified":"2025-10-07T10:48:07","modified_gmt":"2025-10-07T07:48:07","slug":"sivas-cumhuriyet-universitesi-eaie-2025-fuarinda-uluslararasi-gorunurlugunu-artirdi","status":"publish","type":"post","link":"https:\/\/erasmus.cumhuriyet.edu.tr\/en\/sivas-cumhuriyet-universitesi-eaie-2025-fuarinda-uluslararasi-gorunurlugunu-artirdi\/","title":{"rendered":"Sivas Cumhuriyet \u00dcniversitesi, EAIE 2025 Fuar\u0131\u2019nda Uluslararas\u0131 G\u00f6r\u00fcn\u00fcrl\u00fc\u011f\u00fcn\u00fc Art\u0131rd\u0131"},"content":{"rendered":"<p>[vc_row][vc_column][vc_column_text]<\/p>\n<h4 class=\"x_elementToProof\" style=\"text-align: justify;\" data-ogsc=\"rgb(0, 0, 0)\"><b data-ogsc=\"\" data-olk-copy-source=\"MessageBody\">Sivas Cumhuriyet \u00dcniversitesi, EAIE 2025 Fuar\u0131\u2019nda Uluslararas\u0131 G\u00f6r\u00fcn\u00fcrl\u00fc\u011f\u00fcn\u00fc Art\u0131rd\u0131<\/b><\/h4>\n<div class=\"x_elementToProof\" style=\"text-align: justify;\" data-ogsc=\"rgb(0, 0, 0)\">Sivas Cumhuriyet \u00dcniversitesi, uluslararas\u0131la\u015fma vizyonu kapsam\u0131nda \u00f6nemli bir ad\u0131m atarak, Avrupa\u2019n\u0131n en b\u00fcy\u00fck y\u00fcksek\u00f6\u011fretim fuar\u0131 olan\u00a0<b data-ogsc=\"\">EAIE 2025 (European Association for International Education)<\/b>\u00a0etkinli\u011fine ilk kez kat\u0131ld\u0131.<\/div>\n<div style=\"text-align: justify;\" data-ogsc=\"rgb(0, 0, 0)\"><\/div>\n<h4 class=\"x_elementToProof\" style=\"text-align: justify;\" data-ogsc=\"rgb(0, 0, 0)\"><b data-ogsc=\"\">110 \u00dclkeden 7000 Kat\u0131l\u0131mc\u0131 ile Bulu\u015fma<\/b><\/h4>\n<div class=\"x_elementToProof\" style=\"text-align: justify;\" data-ogsc=\"rgb(0, 0, 0)\"><b data-ogsc=\"\">9\u201312 Eyl\u00fcl 2025<\/b>\u00a0tarihleri aras\u0131nda\u00a0<b data-ogsc=\"\">\u0130sve\u00e7\u2019in G\u00f6teborg<\/b>\u00a0kentinde d\u00fczenlenen fuara, 110 \u00fclkeden 7000\u2019den fazla \u00fcniversite ve e\u011fitim kurulu\u015fu kat\u0131ld\u0131. T\u00fcrkiye&#8217;den 88 y\u00fcksek\u00f6\u011fretim kurumunun yer ald\u0131\u011f\u0131 organizasyonda, \u00fcniversitemizi\u00a0<b data-ogsc=\"\">Rekt\u00f6r Yard\u0131mc\u0131s\u0131 ve Uluslararas\u0131 \u0130li\u015fkiler Ofisi Ba\u015fkan\u0131 Prof. Dr. S\u00fcleyman De\u011firmen<\/b>,\u00a0<b data-ogsc=\"\">Erasmus+ Kurum Koordinat\u00f6r Yard\u0131mc\u0131lar\u0131 \u00d6\u011fr. G\u00f6r. Emre Seven<\/b>\u00a0ve\u00a0<b data-ogsc=\"\">\u00d6\u011fr. G\u00f6r. Murat Ercan<\/b>\u00a0temsil etti.<\/div>\n<div style=\"text-align: justify;\" data-ogsc=\"rgb(0, 0, 0)\"><\/div>\n<h4 class=\"x_elementToProof\" style=\"text-align: justify;\" data-ogsc=\"rgb(0, 0, 0)\"><b data-ogsc=\"\">72 \u00dcniversite ile Yeni \u0130\u015f Birli\u011fi G\u00f6r\u00fc\u015fmeleri<\/b><\/h4>\n<div class=\"x_elementToProof\" style=\"text-align: justify;\" data-ogsc=\"rgb(0, 0, 0)\">Fuarda ger\u00e7ekle\u015ftirilen g\u00f6r\u00fc\u015fmeler kapsam\u0131nda,\u00a0<b data-ogsc=\"\">Romanya, Slovakya, Fransa, Polonya, Japonya, H\u0131rvatistan, Kosta Rika, \u0130talya, \u00c7ekya, Almanya, Bel\u00e7ika, Kolombiya, Ukrayna, G\u00fcney Kore, Macaristan, Litvanya, Letonya, Estonya ve \u015eili<\/b>\u00a0gibi \u00fclkelerden\u00a0<b data-ogsc=\"\">72 y\u00fcksek\u00f6\u011fretim kurumu<\/b>\u00a0ile birebir temas sa\u011fland\u0131. Bu g\u00f6r\u00fc\u015fmeler sonucunda, mevcut uluslararas\u0131 i\u015f birlikleri g\u00fc\u00e7lendirilirken, \u00e7ok say\u0131da yeni\u00a0<b data-ogsc=\"\">Erasmus+ kurumlararas\u0131 anla\u015fma<\/b>\u00a0i\u00e7in de \u00f6n mutabakat sa\u011fland\u0131.<\/div>\n<div style=\"text-align: justify;\" data-ogsc=\"rgb(0, 0, 0)\"><\/div>\n<h4 class=\"x_elementToProof\" style=\"text-align: justify;\" data-ogsc=\"rgb(0, 0, 0)\"><b data-ogsc=\"\">\u201cYeni Ufuklar A\u00e7acak\u201d<\/b><\/h4>\n<div class=\"x_elementToProof\" style=\"text-align: justify;\" data-ogsc=\"rgb(0, 0, 0)\">Fuara ili\u015fkin de\u011ferlendirmede bulunan Prof. Dr. S\u00fcleyman De\u011firmen, \u015fu ifadeleri kulland\u0131:<\/div>\n<div class=\"x_elementToProof\" style=\"text-align: justify;\" data-ogsc=\"rgb(0, 0, 0)\">\u201c\u00dcniversitemizin tarihinde ilk kez yer ald\u0131\u011f\u0131 NAFSA 2025 (ABD) fuar\u0131ndan sonra, yine ilk defa kat\u0131ld\u0131\u011f\u0131m\u0131z EAIE 2025 etkinli\u011fi olduk\u00e7a verimli ge\u00e7ti. Kurulan yeni i\u015f birlikleri, \u00f6\u011frencilerimiz ile akademik ve idari personelimiz i\u00e7in yeni ufuklar a\u00e7acak; e\u011fitim, ara\u015ft\u0131rma ve hareketlilik alanlar\u0131nda f\u0131rsatlar sunacakt\u0131r. Bu s\u00fcrece katk\u0131 sa\u011flayan ba\u015fta\u00a0<b data-ogsc=\"\">Rekt\u00f6r\u00fcm\u00fcz Prof. Dr. Ahmet \u015eeng\u00f6n\u00fcl<\/b>\u00a0olmak \u00fczere t\u00fcm payda\u015flar\u0131m\u0131za te\u015fekk\u00fcr ediyorum.\u201d<\/div>\n<div style=\"text-align: justify;\" data-ogsc=\"rgb(0, 0, 0)\"><\/div>\n<h4 class=\"x_elementToProof\" style=\"text-align: justify;\" data-ogsc=\"rgb(0, 0, 0)\"><b data-ogsc=\"\">Danimarka Teknik \u00dcniversitesi&#8217;ne Akademik Ziyaret<\/b><\/h4>\n<div class=\"x_elementToProof\" style=\"text-align: justify;\" data-ogsc=\"rgb(0, 0, 0)\">Fuara kat\u0131l\u0131m \u00f6ncesinde, Prof. Dr. De\u011firmen,\u00a0<b data-ogsc=\"\">Danimarka Teknik \u00dcniversitesi&#8217;ni<\/b>\u00a0ziyaret ederek,\u00a0<b data-ogsc=\"\">Teknoloji, Y\u00f6netim ve Ekonomi B\u00f6l\u00fcm\u00fc<\/b>\u00a0\u00f6\u011fretim \u00fcyeleri Prof. Dr. Ramazan Sar\u0131, Prof. Dr. U\u011fur Soyta\u015f, Prof. Dr. Do\u011fan Kele\u015f ve\u00a0<b data-ogsc=\"\">\u0130klim ve Enerji Politikas\u0131 ABD Ba\u015fkan\u0131 Prof. Dr. Signe Krarup<\/b>\u00a0ile bir araya geldi. Ger\u00e7ekle\u015ftirilen tan\u0131t\u0131m sunumu ile kar\u015f\u0131l\u0131kl\u0131 i\u015f birli\u011fi olanaklar\u0131 ele al\u0131nd\u0131.<\/div>\n<div style=\"text-align: justify;\" data-ogsc=\"rgb(0, 0, 0)\"><\/div>\n<h4 class=\"x_elementToProof\" style=\"text-align: justify;\" data-ogsc=\"rgb(0, 0, 0)\"><b data-ogsc=\"\">EAIE 2026 Haz\u0131rl\u0131klar\u0131 Ba\u015flad\u0131<\/b><\/h4>\n<div class=\"x_elementToProof\" style=\"text-align: justify;\" data-ogsc=\"rgb(0, 0, 0)\">Sivas Cumhuriyet \u00dcniversitesi, 2026 y\u0131l\u0131nda\u00a0<b data-ogsc=\"\">\u0130sko\u00e7ya\u2019n\u0131n Glasgow<\/b>\u00a0\u015fehrinde d\u00fczenlenecek olan\u00a0<b data-ogsc=\"\">EAIE 2026<\/b>\u00a0fuar\u0131 i\u00e7in haz\u0131rl\u0131klara \u015fimdiden ba\u015flam\u0131\u015ft\u0131r. Erasmus+ Ofisi koordinasyonunda y\u00fcr\u00fct\u00fclen bu \u00e7al\u0131\u015fmalar,\u00a0<b data-ogsc=\"\">Y\u00d6K Ba\u015fkan\u0131m\u0131z Prof. Dr. Erol \u00d6zvar\u2019\u0131n<\/b>\u00a0da \u00f6nemle \u00fczerinde durdu\u011fu uluslararas\u0131 tan\u0131n\u0131rl\u0131k hedefiyle paralel olarak s\u00fcrd\u00fcr\u00fclmektedir.<\/div>\n<div class=\"x_elementToProof\" style=\"text-align: justify;\" data-ogsc=\"rgb(0, 0, 0)\">\u00dcniversitemiz, yaln\u0131zca Avrupa\u2019da de\u011fil, d\u00fcnya genelinde akademik i\u015f birliklerini art\u0131rarak; e\u011fitim, ara\u015ft\u0131rma ve k\u00fclt\u00fcrel etkile\u015fim alanlar\u0131nda g\u00fc\u00e7l\u00fc bir akt\u00f6r olma hedefiyle \u00e7al\u0131\u015fmalar\u0131n\u0131 kararl\u0131l\u0131kla s\u00fcrd\u00fcrmektedir.<\/div>\n<div class=\"x_elementToProof\" style=\"text-align: justify;\" data-ogsc=\"rgb(0, 0, 0)\">Yeni Akademik D\u00f6nemin t\u00fcm hocalar\u0131m\u0131z ve \u00f6\u011frencilerimiz i\u00e7in ba\u015far\u0131l\u0131 ge\u00e7mesi dileklerimizle\u2026<\/div>\n<p>[\/vc_column_text][\/vc_column][\/vc_row][vc_row][vc_column width=&#8221;1\/6&#8243;][\/vc_column][vc_column width=&#8221;4\/6&#8243;][vc_gallery interval=&#8221;3&#8243; images=&#8221;8117,8116,8118,8122,8121,8123,8119,8120,8124,8114,8115&#8243; img_size=&#8221;full&#8221;][\/vc_column][vc_column width=&#8221;1\/6&#8243;][\/vc_column][\/vc_row]<\/p>\n","protected":false},"excerpt":{"rendered":"<p>[vc_row][vc_column][vc_column_text] Sivas Cumhuriyet \u00dcniversitesi, EAIE 2025 Fuar\u0131\u2019nda Uluslararas\u0131 G\u00f6r\u00fcn\u00fcrl\u00fc\u011f\u00fcn\u00fc Art\u0131rd\u0131 Sivas Cumhuriyet \u00dcniversitesi, uluslararas\u0131la\u015fma vizyonu kapsam\u0131nda \u00f6nemli bir ad\u0131m atarak, Avrupa\u2019n\u0131n en b\u00fcy\u00fck y\u00fcksek\u00f6\u011fretim fuar\u0131 olan\u00a0EAIE 2025 (European Association for International Education)\u00a0etkinli\u011fine ilk kez kat\u0131ld\u0131. 110 \u00dclkeden 7000 Kat\u0131l\u0131mc\u0131 ile Bulu\u015fma 9\u201312 Eyl\u00fcl 2025\u00a0tarihleri aras\u0131nda\u00a0\u0130sve\u00e7\u2019in G\u00f6teborg\u00a0kentinde d\u00fczenlenen fuara, 110 \u00fclkeden 7000\u2019den fazla \u00fcniversite ve e\u011fitim [&hellip;]<\/p>\n","protected":false},"author":1,"featured_media":8117,"comment_status":"closed","ping_status":"open","sticky":false,"template":"","format":"standard","meta":{"_gspb_post_css":"","footnotes":""},"categories":[94,183],"tags":[],"class_list":["post-8113","post","type-post","status-publish","format-standard","has-post-thumbnail","hentry","category-news","category-highlights"],"blocksy_meta":[],"_links":{"self":[{"href":"https:\/\/erasmus.cumhuriyet.edu.tr\/en\/wp-json\/wp\/v2\/posts\/8113","targetHints":{"allow":["GET"]}}],"collection":[{"href":"https:\/\/erasmus.cumhuriyet.edu.tr\/en\/wp-json\/wp\/v2\/posts"}],"about":[{"href":"https:\/\/erasmus.cumhuriyet.edu.tr\/en\/wp-json\/wp\/v2\/types\/post"}],"author":[{"embeddable":true,"href":"https:\/\/erasmus.cumhuriyet.edu.tr\/en\/wp-json\/wp\/v2\/users\/1"}],"replies":[{"embeddable":true,"href":"https:\/\/erasmus.cumhuriyet.edu.tr\/en\/wp-json\/wp\/v2\/comments?post=8113"}],"version-history":[{"count":4,"href":"https:\/\/erasmus.cumhuriyet.edu.tr\/en\/wp-json\/wp\/v2\/posts\/8113\/revisions"}],"predecessor-version":[{"id":8128,"href":"https:\/\/erasmus.cumhuriyet.edu.tr\/en\/wp-json\/wp\/v2\/posts\/8113\/revisions\/8128"}],"wp:featuredmedia":[{"embeddable":true,"href":"https:\/\/erasmus.cumhuriyet.edu.tr\/en\/wp-json\/wp\/v2\/media\/8117"}],"wp:attachment":[{"href":"https:\/\/erasmus.cumhuriyet.edu.tr\/en\/wp-json\/wp\/v2\/media?parent=8113"}],"wp:term":[{"taxonomy":"category","embeddable":true,"href":"https:\/\/erasmus.cumhuriyet.edu.tr\/en\/wp-json\/wp\/v2\/categories?post=8113"},{"taxonomy":"post_tag","embeddable":true,"href":"https:\/\/erasmus.cumhuriyet.edu.tr\/en\/wp-json\/wp\/v2\/tags?post=8113"}],"curies":[{"name":"wp","href":"https:\/\/api.w.org\/{rel}","templated":true}]}}