{"id":8103,"date":"2025-09-29T11:01:15","date_gmt":"2025-09-29T08:01:15","guid":{"rendered":"https:\/\/erasmus.cumhuriyet.edu.tr\/?p=8103"},"modified":"2025-10-01T11:16:17","modified_gmt":"2025-10-01T08:16:17","slug":"personel-hareketliligi-ilanlarin-ertelenmesi","status":"publish","type":"post","link":"https:\/\/erasmus.cumhuriyet.edu.tr\/en\/personel-hareketliligi-ilanlarin-ertelenmesi\/","title":{"rendered":"Erasmus+ Staff Mobility Announcements Postponed"},"content":{"rendered":"<p>Published on 05.08.2025 <a href=\"https:\/\/erasmus.cumhuriyet.edu.tr\/en\/2025-2026-takvim\/\" target=\"_blank\" rel=\"noopener\"><strong data-start=\"84\" data-end=\"160\">2025-2026 Academic Year Erasmus+ Program Announcements and Application Calendar<\/strong><\/a> within this scope, it is planned to be published on 29.09.2025. <strong data-start=\"217\" data-end=\"280\">Staff Mobility announcements numbered 2506, 2507 and 2508<\/strong>, This has been postponed to a later date as it will be revised to align with the procedures and principles stated at the Erasmus+ Higher Education Projects Management Meeting held by the Turkish National Agency on September 25, 2025.<\/p>","protected":false},"excerpt":{"rendered":"<p>05.08.2025 tarihinde yay\u0131mlanan 2025-2026 E\u011fitim-\u00d6\u011fretim Y\u0131l\u0131 Erasmus+ Program\u0131 \u0130lanlar\u0131 Ba\u015fvuru Takvimi kapsam\u0131nda, 29.09.2025 tarihinde yay\u0131mlanmas\u0131 planlanan 2506, 2507 ve 2508 numaral\u0131 Personel Hareketlili\u011fi ilanlar\u0131, 25.09.2025 tarihinde T\u00fcrkiye Ulusal Ajans\u0131 taraf\u0131ndan ger\u00e7ekle\u015ftirilen Erasmus+ Y\u00fcksek\u00f6\u011fretim Projeleri Y\u00f6netim Toplant\u0131s\u0131nda belirtilen usul ve esaslarla uyumlu hale getirilmesi amac\u0131yla revize edilece\u011finden, ileri bir tarihe ertelenmi\u015ftir.<\/p>","protected":false},"author":1,"featured_media":0,"comment_status":"closed","ping_status":"open","sticky":false,"template":"","format":"standard","meta":{"advanced_seo_description":"","jetpack_seo_html_title":"","jetpack_seo_noindex":false,"jetpack_seo_schema_type":"","_jetpack_newsletter_access":"","_jetpack_dont_email_post_to_subs":false,"_jetpack_newsletter_tier_id":0,"_jetpack_memberships_contains_paywalled_content":false,"_jetpack_feature_clip_id":0,"_jetpack_memberships_contains_paid_content":false,"footnotes":"","jetpack_post_was_ever_published":false},"categories":[39,87],"tags":[],"class_list":["post-8103","post","type-post","status-publish","format-standard","hentry","category-announcements","category-staff-announcements"],"blocksy_meta":{"styles_descriptor":{"styles":{"desktop":"","tablet":"","mobile":""},"google_fonts":[],"version":7}},"jetpack_sharing_enabled":true,"jetpack_shortlink":"https:\/\/wp.me\/pfKvKT-26H","jetpack_featured_media_url":"","_links":{"self":[{"href":"https:\/\/erasmus.cumhuriyet.edu.tr\/en\/wp-json\/wp\/v2\/posts\/8103","targetHints":{"allow":["GET"]}}],"collection":[{"href":"https:\/\/erasmus.cumhuriyet.edu.tr\/en\/wp-json\/wp\/v2\/posts"}],"about":[{"href":"https:\/\/erasmus.cumhuriyet.edu.tr\/en\/wp-json\/wp\/v2\/types\/post"}],"author":[{"embeddable":true,"href":"https:\/\/erasmus.cumhuriyet.edu.tr\/en\/wp-json\/wp\/v2\/users\/1"}],"replies":[{"embeddable":true,"href":"https:\/\/erasmus.cumhuriyet.edu.tr\/en\/wp-json\/wp\/v2\/comments?post=8103"}],"version-history":[{"count":1,"href":"https:\/\/erasmus.cumhuriyet.edu.tr\/en\/wp-json\/wp\/v2\/posts\/8103\/revisions"}],"predecessor-version":[{"id":8104,"href":"https:\/\/erasmus.cumhuriyet.edu.tr\/en\/wp-json\/wp\/v2\/posts\/8103\/revisions\/8104"}],"wp:attachment":[{"href":"https:\/\/erasmus.cumhuriyet.edu.tr\/en\/wp-json\/wp\/v2\/media?parent=8103"}],"wp:term":[{"taxonomy":"category","embeddable":true,"href":"https:\/\/erasmus.cumhuriyet.edu.tr\/en\/wp-json\/wp\/v2\/categories?post=8103"},{"taxonomy":"post_tag","embeddable":true,"href":"https:\/\/erasmus.cumhuriyet.edu.tr\/en\/wp-json\/wp\/v2\/tags?post=8103"}],"curies":[{"name":"wp","href":"https:\/\/api.w.org\/{rel}","templated":true}]}}