{"id":8091,"date":"2025-09-29T15:39:53","date_gmt":"2025-09-29T12:39:53","guid":{"rendered":"https:\/\/erasmus.cumhuriyet.edu.tr\/?p=8091"},"modified":"2025-09-29T15:39:53","modified_gmt":"2025-09-29T12:39:53","slug":"ufuk-avrupa-genel-bilgilendirme-egitimi","status":"publish","type":"post","link":"https:\/\/erasmus.cumhuriyet.edu.tr\/en\/ufuk-avrupa-genel-bilgilendirme-egitimi\/","title":{"rendered":"Ufuk Avrupa Genel Bilgilendirme E\u011fitimi"},"content":{"rendered":"<p>Avrupa Birli\u011fi ve T\u00fcrkiye Cumhuriyeti taraf\u0131ndan ortak finanse edilen, T.C. Sanayi ve Teknoloji Bakanl\u0131\u011f\u0131 taraf\u0131ndan y\u00fcr\u00fct\u00fclen, nihai yararlan\u0131c\u0131l\u0131\u011f\u0131n\u0131 T\u00dcB\u0130TAK&#8217;\u0131n \u00fcstlendi\u011fi ve Rekabet\u00e7i Sekt\u00f6rler Program\u0131 kapsam\u0131nda desteklenen &#8220;Ufuk Avrupa&#8217;da T\u00fcrkiye&#8221; Teknik Destek Projesi \u00e7er\u00e7evesinde, 3 Ekim 2025 tarihinde \u00e7evrim i\u00e7i olarak &#8220;Ufuk Avrupa Genel Bilgilendirme E\u011fitimi&#8221; d\u00fczenlenecektir.<\/p>\n<p>S\u00f6z konusu e\u011fitim, Ufuk Avrupa Program\u0131&#8217;na dair temel bilgileri sade bir dille aktararak, programa ba\u015fvuru yapmay\u0131 planlayan kurum ve ki\u015filere rehberlik etmeyi; daha \u00f6nce ba\u015fvuru deneyimi olan payda\u015flara ise sistematik bir tekrar ve yol haritas\u0131 imk\u00e2n\u0131 sunmay\u0131 hedeflemektedir. Etkinlik dili \u0130ngilizce olup, kat\u0131l\u0131mc\u0131lara program\u0131n genel yap\u0131s\u0131, \u00e7a\u011fr\u0131lar\u0131n ve f\u0131rsatlar\u0131n tan\u0131nmas\u0131, ba\u015fvuru ve mali s\u00fcre\u00e7ler, proje y\u00fcr\u00fctme pratikleri ve proje etkisi boyutlar\u0131nda kapsaml\u0131 i\u00e7erikler aktar\u0131lacakt\u0131r.<\/p>\n<p>Ek&#8217;te detayl\u0131 duyurusu ve posteri yer alan etkinli\u011fe ili\u015fkin kay\u0131t bilgilerine a\u015fa\u011f\u0131daki ba\u011flant\u0131dan ula\u015f\u0131labilmektedir.<br \/>\n<a href=\"https:\/\/ufukavrupa.org.tr\/tr\/haberler\/turkiye-ufuk-avrupa-projesi-bilgilendiriyor-ve-ilham-veriyor\" target=\"_blank\" rel=\"noopener\">https:\/\/ufukavrupa.org.tr\/tr\/haberler\/turkiye-ufuk-avrupa-projesi-bilgilendiriyor-ve-ilham-veriyor<\/a><\/p>\n<p>Ara\u015ft\u0131rma ve yenilik faaliyetlerinde bulunan \u00f6\u011fretim \u00fcyeleri, ara\u015ft\u0131rmac\u0131lar ve ilgili birimlerin etkinli\u011fe kat\u0131l\u0131m sa\u011flayabilir.<\/p>\n<a href=\"https:\/\/erasmus.cumhuriyet.edu.tr\/wp-content\/uploads\/Horizon-Bilgilendirme-Toplantisi-2025.pdf\" class=\"pdfemb-viewer\" style=\"width:750px;\" data-width=\"750\" data-height=\"max\" data-toolbar=\"both\" data-toolbar-fixed=\"on\">Horizon Bilgilendirme Toplant\u0131s\u0131 2025<\/a>\n<p>&nbsp;<\/p>\n<p><a href=\"https:\/\/erasmus.cumhuriyet.edu.tr\/wp-content\/uploads\/Horizon-Bilgilendirme-Toplantisi-2025.pdf\" target=\"_blank\" rel=\"noopener\">PDF&#8217;yi \u0130ndir<\/a><\/p>","protected":false},"excerpt":{"rendered":"<p>Avrupa Birli\u011fi ve T\u00fcrkiye Cumhuriyeti taraf\u0131ndan ortak finanse edilen, T.C. Sanayi ve Teknoloji Bakanl\u0131\u011f\u0131 taraf\u0131ndan y\u00fcr\u00fct\u00fclen, nihai yararlan\u0131c\u0131l\u0131\u011f\u0131n\u0131 T\u00dcB\u0130TAK&#8217;\u0131n \u00fcstlendi\u011fi ve Rekabet\u00e7i Sekt\u00f6rler Program\u0131 kapsam\u0131nda desteklenen &#8220;Ufuk Avrupa&#8217;da T\u00fcrkiye&#8221; Teknik Destek Projesi \u00e7er\u00e7evesinde, 3 Ekim 2025 tarihinde \u00e7evrim i\u00e7i olarak &#8220;Ufuk Avrupa Genel Bilgilendirme E\u011fitimi&#8221; d\u00fczenlenecektir. S\u00f6z konusu e\u011fitim, Ufuk Avrupa Program\u0131&#8217;na dair temel bilgileri [&hellip;]<\/p>\n","protected":false},"author":1,"featured_media":8092,"comment_status":"closed","ping_status":"open","sticky":false,"template":"","format":"standard","meta":{"_gspb_post_css":"","footnotes":""},"categories":[39],"tags":[],"class_list":["post-8091","post","type-post","status-publish","format-standard","has-post-thumbnail","hentry","category-announcements"],"blocksy_meta":[],"_links":{"self":[{"href":"https:\/\/erasmus.cumhuriyet.edu.tr\/en\/wp-json\/wp\/v2\/posts\/8091","targetHints":{"allow":["GET"]}}],"collection":[{"href":"https:\/\/erasmus.cumhuriyet.edu.tr\/en\/wp-json\/wp\/v2\/posts"}],"about":[{"href":"https:\/\/erasmus.cumhuriyet.edu.tr\/en\/wp-json\/wp\/v2\/types\/post"}],"author":[{"embeddable":true,"href":"https:\/\/erasmus.cumhuriyet.edu.tr\/en\/wp-json\/wp\/v2\/users\/1"}],"replies":[{"embeddable":true,"href":"https:\/\/erasmus.cumhuriyet.edu.tr\/en\/wp-json\/wp\/v2\/comments?post=8091"}],"version-history":[{"count":3,"href":"https:\/\/erasmus.cumhuriyet.edu.tr\/en\/wp-json\/wp\/v2\/posts\/8091\/revisions"}],"predecessor-version":[{"id":8096,"href":"https:\/\/erasmus.cumhuriyet.edu.tr\/en\/wp-json\/wp\/v2\/posts\/8091\/revisions\/8096"}],"wp:featuredmedia":[{"embeddable":true,"href":"https:\/\/erasmus.cumhuriyet.edu.tr\/en\/wp-json\/wp\/v2\/media\/8092"}],"wp:attachment":[{"href":"https:\/\/erasmus.cumhuriyet.edu.tr\/en\/wp-json\/wp\/v2\/media?parent=8091"}],"wp:term":[{"taxonomy":"category","embeddable":true,"href":"https:\/\/erasmus.cumhuriyet.edu.tr\/en\/wp-json\/wp\/v2\/categories?post=8091"},{"taxonomy":"post_tag","embeddable":true,"href":"https:\/\/erasmus.cumhuriyet.edu.tr\/en\/wp-json\/wp\/v2\/tags?post=8091"}],"curies":[{"name":"wp","href":"https:\/\/api.w.org\/{rel}","templated":true}]}}