{"id":6565,"date":"2025-06-27T19:00:35","date_gmt":"2025-06-27T16:00:35","guid":{"rendered":"https:\/\/erasmus.cumhuriyet.edu.tr\/?p=6565"},"modified":"2026-08-10T19:27:20","modified_gmt":"2026-08-10T16:27:20","slug":"2502-2503-bip-sms-stt-sonuc-2024-ka131","status":"publish","type":"post","link":"https:\/\/erasmus.cumhuriyet.edu.tr\/en\/2502-2503-bip-sms-stt-sonuc-2024-ka131\/","title":{"rendered":"Erasmus+ \u00d6\u011frenci \u00d6\u011frenim ve Personel E\u011fitim Alma Hareketlili\u011fi Karma Yo\u011fun Program (BIP) Sonu\u00e7lar\u0131 (2024 KA131) [\u0130lan No: 2502, 2503]"},"content":{"rendered":"<div class=\"scu-page scu-page-inner\">\n<div class=\"scu-legacy-row scu-legacy-vc-row\">\n<div class=\"scu-legacy-col scu-col-1-1\">\n<div class=\"scu-accordion-group\">\n<details class=\"scu-accordion scu-legacy-vc-section\">\n<summary><span>1. \u0130lan Bilgileri (2502 Nolu \u0130lan)<\/span><i class=\"bi bi-chevron-down scu-accordion-arrow\" aria-hidden=\"true\"><\/i><\/summary>\n<div class=\"scu-accordion-content\">\n<h2 class=\"scu-legacy-heading\">\u0130LAN B\u0130LG\u0130LER\u0130<\/h2>\n<div class=\"scu-richtext\"><strong>\u0130LAN NO:\u00a0<\/strong>2502<br \/>\n<strong>\u0130LAN BA\u015eLI\u011eI:\u00a0<\/strong>Erasmus+ \u00d6\u011frenci \u00d6\u011frenim Hareketlili\u011fi Karma Yo\u011fun Program (BIP) \u0130lan\u0131<br \/>\n<strong>EYLEM T\u00dcR\u00dc:<\/strong>\u00a0KA131 (AB \u00dcye \u00dclkeleri ve Programla \u0130li\u015fkili \u00dc\u00e7\u00fcnc\u00fc \u00dclkeler)<br \/>\n<strong>PROJE T\u00dcR\u00dc:\u00a0<\/strong>Tek Yararlan\u0131c\u0131l\u0131 Projeler<br \/>\n<strong>PROJE YILI:\u00a0<\/strong>2024<br \/>\n<strong>PROJE NO:\u00a0<\/strong>2024-1-TR01-KA131-HED-000208641<br \/>\n<strong>\u0130LAN TAR\u0130H\u0130:\u00a0<\/strong>24.06.2025<\/div>\n<p><a class=\"scu-btn is-turquoise\" href=\"https:\/\/erasmus.cumhuriyet.edu.tr\/2502-bip-sms-ilani-24-ka131\/\" target=\"_blank\" rel=\"noopener\">\u0130lgili ilana ula\u015fmak i\u00e7in t\u0131klay\u0131n<\/a><\/div>\n<\/details>\n<details class=\"scu-accordion scu-legacy-vc-section\">\n<summary><span>2. \u0130lan Bilgileri (2503 Nolu \u0130lan)<\/span><i class=\"bi bi-chevron-down scu-accordion-arrow\" aria-hidden=\"true\"><\/i><\/summary>\n<div class=\"scu-accordion-content\">\n<h2 class=\"scu-legacy-heading\">\u0130LAN B\u0130LG\u0130LER\u0130<\/h2>\n<div class=\"scu-richtext\"><strong>\u0130LAN NO:\u00a0<\/strong>2503<br \/>\n<strong>\u0130LAN BA\u015eLI\u011eI:\u00a0<\/strong>Erasmus+ Personel E\u011fitim Alma Hareketlili\u011fi Karma Yo\u011fun Program (BIP) \u0130lan\u0131<br \/>\n<strong>EYLEM T\u00dcR\u00dc:<\/strong>\u00a0KA131 (AB \u00dcye \u00dclkeleri ve Programla \u0130li\u015fkili \u00dc\u00e7\u00fcnc\u00fc \u00dclkeler)<br \/>\n<strong>PROJE T\u00dcR\u00dc:\u00a0<\/strong>Tek Yararlan\u0131c\u0131l\u0131 Projeler<br \/>\n<strong>PROJE YILI:\u00a0<\/strong>2024<br \/>\n<strong>PROJE NO:\u00a0<\/strong>2024-1-TR01-KA131-HED-000208641<br \/>\n<strong>\u0130LAN TAR\u0130H\u0130:\u00a0<\/strong>24.06.2025<\/div>\n<p><a class=\"scu-btn is-turquoise\" href=\"https:\/\/erasmus.cumhuriyet.edu.tr\/2503-bip-stt-ilani-24-ka131\/\" target=\"_blank\" rel=\"noopener\">\u0130lgili ilana ula\u015fmak i\u00e7in t\u0131klay\u0131n<\/a><\/div>\n<\/details>\n<\/div>\n<hr class=\"scu-divider\">\n<h2 class=\"scu-legacy-heading\">SORUMLU PERSONEL<\/h2>\n<div class=\"scu-accordion-group\">\n<details class=\"scu-accordion scu-legacy-vc-section\">\n<summary><span>KA131 \u00d6\u011frenci \u00d6\u011frenim Hareketlili\u011fi Sorumlusu<\/span><i class=\"bi bi-chevron-down scu-accordion-arrow\" aria-hidden=\"true\"><\/i><\/summary>\n<div class=\"scu-accordion-content\">\n<div class=\"scu-legacy-row scu-legacy-vc-row-inner\">\n<div class=\"scu-legacy-col scu-col-1-6\">\n<figure class=\"scu-media\"><img data-recalc-dims=\"1\" decoding=\"async\" src=\"https:\/\/i0.wp.com\/erasmus.cumhuriyet.edu.tr\/wp-content\/uploads\/2022\/06\/profile_dolgac.jpg?w=1290&#038;ssl=1\" alt=\"\" loading=\"lazy\"><\/figure>\n<\/div>\n<div class=\"scu-legacy-col scu-col-5-6\">\n<div class=\"scu-richtext\">\n<h3><strong>Deniz S\u00d6NMEZ<\/strong><\/h3>\n<h4><strong>KA131 \u00d6\u011frenci \u00d6\u011frenim Hareketlili\u011fi Sorumlusu<\/strong><\/h4>\n<\/div>\n<p><a class=\"scu-btn \" href=\"https:\/\/erasmus.cumhuriyet.edu.tr\/erasmus\/outgoing\/contact-form\/?ogr_per=%C3%96%C4%9ERENC%C4%B0&amp;ounit=KA131%20SMS%20-%20Avrupa%20i%C3%A7i%20Giden%20%C3%96%C4%9Frenci%20%C3%96%C4%9Frenim%20Hareketlili%C4%9Fi%20Birimi%20(Deniz%20Olga%C3%A7)\" target=\"_blank\" rel=\"noopener\">\u0130leti\u015fime Ge\u00e7<\/a><\/div>\n<\/div>\n<\/div>\n<\/details>\n<details class=\"scu-accordion scu-legacy-vc-section\">\n<summary><span>KA131 Personel Hareketlili\u011fi Sorumlusu<\/span><i class=\"bi bi-chevron-down scu-accordion-arrow\" aria-hidden=\"true\"><\/i><\/summary>\n<div class=\"scu-accordion-content\">\n<div class=\"scu-legacy-row scu-legacy-vc-row-inner\">\n<div class=\"scu-legacy-col scu-col-1-6\">\n<figure class=\"scu-media\"><img data-recalc-dims=\"1\" decoding=\"async\" src=\"https:\/\/i0.wp.com\/erasmus.cumhuriyet.edu.tr\/wp-content\/uploads\/2022\/06\/profile_ykan.jpg?w=1290&#038;ssl=1\" alt=\"\" loading=\"lazy\"><\/figure>\n<\/div>\n<div class=\"scu-legacy-col scu-col-5-6\">\n<div class=\"scu-richtext\">\n<h3><strong>Yasemin KAN<\/strong><\/h3>\n<h4><strong>KA131\/KA171 Personel Hareketlili\u011fi Sorumlusu<\/strong><\/h4>\n<\/div>\n<p><a class=\"scu-btn \" href=\"https:\/\/erasmus.cumhuriyet.edu.tr\/erasmus\/outgoing\/contact-form\/?ogr_per=%C3%96%C4%9ERENC%C4%B0&amp;ounit=KA131%20SMP%20-%20Avrupa%20i%C3%A7i%20Giden%20%C3%96%C4%9Frenci%20Staj%20Hareketlili%C4%9Fi%20Birimi%20(Ay%C5%9Fe%20Ceran)\" target=\"_blank\" rel=\"noopener\">\u0130leti\u015fime Ge\u00e7<\/a><\/div>\n<\/div>\n<\/div>\n<\/details>\n<\/div>\n<hr class=\"scu-divider\">\n<h2 class=\"scu-legacy-heading\">DE\u011eERLEND\u0130RME SONU\u00c7LARI<\/h2>\n<div class=\"scu-richtext\">24.06.2025 tarihlerinde yay\u0131mlanan 2502 ve 2503 numaral\u0131 Erasmus+ \u00d6\u011frenci \u00d6\u011frenim ve Personel E\u011fitim Alma Hareketlili\u011fi Karma Yo\u011fun Program (BIP) \u0130lan\u0131 (2024 KA131) ilanlar\u0131n\u0131n de\u011ferlendirme sonu\u00e7lar\u0131na T\u00fcrkiye Ulusal Ajans\u0131 TUNAPortal \u00fczerinden eri\u015febilirsiniz.<\/p>\n<p><strong><a href=\"https:\/\/turnaportal.ua.gov.tr\/\" target=\"_blank\" rel=\"noopener\">https:\/\/turnaportal.ua.gov.tr<\/a> adresine gidip Dijital T\u00fcrkiye (e-Devlet) \u015fifreniz ile giri\u015f yapt\u0131ktan sonra sol men\u00fcde yer alan Ba\u015fvurular\u0131m se\u00e7ene\u011fine t\u0131kland\u0131\u011f\u0131nda ilgili ilan\u0131n kar\u015f\u0131s\u0131nda de\u011ferlendirme sonucunuz yer almaktad\u0131r.<\/strong><\/p>\n<p><strong style=\"color: red;\">Hak kazanan adaylar\u0131n 29.06.2025 16.00\u2019a kadar kat\u0131l\u0131m beyan\u0131 veya feragat dilek\u00e7esini \u00e7evrim i\u00e7i olarak doldurup TURNAPortal sistemine y\u00fcklemesi gerekmektedir. Belirtilen s\u00fcre i\u00e7erisinde ilgili formlardan birini doldurmayan ve TURNAPortal sistemine y\u00fcklemeyen adaylar haklar\u0131n\u0131 kaybederler ve ilgili mevzuat uyar\u0131nca yapt\u0131r\u0131m uygulan\u0131r.<\/strong><\/p>\n<p><strong style=\"color: red;\">Ayr\u0131nt\u0131lar i\u00e7in \u00d6NEML\u0130 TAR\u0130HLER b\u00f6l\u00fcm\u00fcn\u00fc inceleyiniz.<\/strong><\/div>\n<hr class=\"scu-divider\">\n<h2 class=\"scu-legacy-heading\">\u00d6NEML\u0130 HUSUSLAR<\/h2>\n<div class=\"scu-alert is-danger\">\n<div class=\"scu-alert-icon\"><i class=\"bi bi-info-circle\" aria-hidden=\"true\"><\/i><\/div>\n<div class=\"scu-alert-body\">Y\u00fcksek\u00f6\u011fretim Kurulu Ba\u015fkanl\u0131\u011f\u0131n\u0131n 22.02.2022 tarih ve 12994 say\u0131l\u0131 yaz\u0131s\u0131 ile T.C. D\u0131\u015fi\u015fleri Bakanl\u0131\u011f\u0131 Avrupa Birli\u011fi Ba\u015fkanl\u0131\u011f\u0131 Avrupa Birli\u011fi E\u011fitim ve Gen\u00e7lik Programlar\u0131 Merkezi Ba\u015fkanl\u0131\u011f\u0131n\u0131n (T\u00fcrkiye Ulusal Ajans\u0131) 06.10.2023 tarih ve 81749 say\u0131l\u0131 yaz\u0131lar\u0131 gere\u011fi Erasmus+ Y\u00fcksek\u00f6\u011fretim \u00d6\u011frenci ve Personel Hareketlili\u011fi ile ilgili s\u00fcre\u00e7lerin TURNAPortal (https:\/\/turnaportal.ua.gov.tr\/) \u00fczerinden y\u00fcr\u00fct\u00fclmesi gerekti\u011fini h\u00fck\u00fcm alt\u0131na ald\u0131\u011f\u0131ndan hareketlilik \u00f6ncesi, s\u00fcresince ve sonras\u0131 talep edilen t\u00fcm belgelerin (kat\u0131l\u0131m beyan\u0131, feragat dilek\u00e7esi, kabul mektubu\/davet yaz\u0131s\u0131, kimlik, pasaport, \u00f6\u011frenim anla\u015fmas\u0131 (learning agreement), kat\u0131l\u0131m belgesi\/sertifikas\u0131 vb.) Portale y\u00fcklenmesi zorunludur.<\/div>\n<\/div>\n<div class=\"scu-alert is-danger\">\n<div class=\"scu-alert-icon\"><i class=\"bi bi-info-circle\" aria-hidden=\"true\"><\/i><\/div>\n<div class=\"scu-alert-body\">T\u00fcm belgelerin TURNAPortal sistemine y\u00fcklenmesi zorunludur. Kat\u0131l\u0131m beyan\u0131n\u0131 ilgili tarihe kadar TURNAPortale y\u00fcklemeyen kat\u0131l\u0131mc\u0131lar haklar\u0131n\u0131 kaybederler. \u0130lgili tarihlere kadar kat\u0131l\u0131m beyan\u0131\/feragat dilek\u00e7esini TURNAPortale y\u00fcklemeyen adaylara ilgili mevzuat uyar\u0131nca yapt\u0131r\u0131m uygulan\u0131r.<\/div>\n<\/div>\n<div class=\"scu-alert is-danger\">\n<div class=\"scu-alert-icon\"><i class=\"bi bi-info-circle\" aria-hidden=\"true\"><\/i><\/div>\n<div class=\"scu-alert-body\">Bir \u00f6\u011frenci bir \u00f6\u011frenim kademesinde azami 12 ay hareketlilik ger\u00e7ekle\u015ftirebilir. Daha \u00f6nce hareketlilik ger\u00e7ekle\u015ftiren \u00f6\u011frencilerin asgari 5 g\u00fcn hareketlilik ger\u00e7ekle\u015ftirebilecek s\u00fcresi olmas\u0131 gerekmektedir.<\/div>\n<\/div>\n<div class=\"scu-alert is-danger\">\n<div class=\"scu-alert-icon\"><i class=\"bi bi-info-circle\" aria-hidden=\"true\"><\/i><\/div>\n<div class=\"scu-alert-body\">Kat\u0131l\u0131m beyan\u0131 veya feragat dilek\u00e7esini yanl\u0131\u015f dolduran adaylar\u0131n belgeleri kabul edilmeyecektir. Belgeleri doldururken ilan bilgilerini, proje t\u00fcr\u00fcn\u00fc (KA131\/KA171) ve hareketlilik t\u00fcr\u00fcn\u00fc (\u00f6\u011frenim\/staj) do\u011fru belirtti\u011finizden emin olunuz. Bu durumdan do\u011facak sorumluluk aday\u0131n kendisine ait olup Koordinat\u00f6rl\u00fc\u011f\u00fcm\u00fcz sorumlu tutulamaz.<\/div>\n<\/div>\n<div class=\"scu-alert is-warning\">\n<div class=\"scu-alert-icon\"><i class=\"bi bi-info-circle\" aria-hidden=\"true\"><\/i><\/div>\n<div class=\"scu-alert-body\">Hareketlili\u011fe kat\u0131lacak t\u00fcm adaylar\u0131n UETS e-tebligat hesab\u0131 a\u00e7\u0131p UETS belgesini hareketlilik \u00f6ncesi TURNAPortale y\u00fcklemesi zorunludur. UETS hesab\u0131 a\u00e7mayan ve sisteme belgeyi y\u00fcklemeyen kat\u0131l\u0131mc\u0131lara \u00f6deme yap\u0131lmaz.<\/div>\n<\/div>\n<div class=\"scu-alert is-warning\">\n<div class=\"scu-alert-icon\"><i class=\"bi bi-info-circle\" aria-hidden=\"true\"><\/i><\/div>\n<div class=\"scu-alert-body\">Hak kazanan adaylara oryantasyon toplant\u0131s\u0131 yap\u0131lacakt\u0131r. Oryantasyon toplant\u0131s\u0131na kat\u0131l\u0131m zorunludur. Kat\u0131lmayanlara ilgili mevzuat uyar\u0131nca yapt\u0131r\u0131m uygulan\u0131r.<\/div>\n<\/div>\n<div class=\"scu-alert is-info\">\n<div class=\"scu-alert-icon\"><i class=\"bi bi-info-circle\" aria-hidden=\"true\"><\/i><\/div>\n<div class=\"scu-alert-body\">Hareketlilik yaln\u0131zca ilanda belirtilen tarihlerde ve ilanda belirtilen kuruma ger\u00e7ekle\u015ftirilebilir.<\/div>\n<\/div>\n<hr class=\"scu-divider\">\n<h2 class=\"scu-legacy-heading\">SONU\u00c7LAR<\/h2>\n<p><a class=\"scu-btn is-accent\" href=\"https:\/\/turnaportal.ua.gov.tr\" target=\"_blank\" rel=\"noopener\">TURNAPortal \u00fczerinden Sonu\u00e7 Sorgulama<\/a><a class=\"scu-btn \" href=\"https:\/\/drive.google.com\/file\/d\/1ryO06LY03nNwvbCwq9EOWbtyJJeZMNbN\/view?usp=sharing\" target=\"_blank\" rel=\"noopener\">2502- SMS &#8211; Erasmus+ KA131 (Avrupa i\u00e7i) \u00d6\u011frenci \u00d6\u011frenim Hareketlili\u011fi De\u011ferlendirme Sonu\u00e7lar\u0131 (PDF)<\/a><a class=\"scu-btn is-green\" href=\"https:\/\/drive.google.com\/file\/d\/1kQRCoTrRQVmOJtQtvu-d7kmQCPbsYZ8B\/view?usp=sharing\" target=\"_blank\" rel=\"noopener\">2503 &#8211; STT &#8211; Erasmus+ KA131 (Avrupa i\u00e7i) Personel E\u011fitim Alma Hareketlili\u011fi De\u011ferlendirme Sonu\u00e7lar\u0131 (PDF)<\/a><\/p>\n<hr class=\"scu-divider\">\n<h2 class=\"scu-legacy-heading\">ERASMUS+ SE\u00c7\u0130M KOM\u0130SYONU TUTANA\u011eI<\/h2>\n<div class=\"scu-accordion-group\">\n<details class=\"scu-accordion scu-legacy-vc-section\">\n<summary><span>Erasmus+ Se\u00e7im Komisyonu Karar\u0131<\/span><i class=\"bi bi-chevron-down scu-accordion-arrow\" aria-hidden=\"true\"><\/i><\/summary>\n<div class=\"scu-accordion-content\">\n<h2 class=\"scu-legacy-heading\">\u0130LAN B\u0130LG\u0130LER\u0130<\/h2>\n<div class=\"scu-richtext\">24.06.2025 tarihinde 2502 ve 2503 numaral\u0131 \u201cErasmus+ \u00d6\u011frenci \u00d6\u011frenim Hareketlili\u011fi Karma Yo\u011fun Program (BIP) \u0130lan\u0131 (2024 KA131) [\u0130lan No: 2502]\u201d ve \u201cErasmus+ Personel E\u011fitim Alma Hareketlili\u011fi Karma Yo\u011fun Program (BIP) \u0130lan\u0131 (2024 KA131) [\u0130lan No: 2503]\u201d ba\u015fl\u0131\u011f\u0131 ile yay\u0131mlanan 2024 KA131 \u00d6\u011frenci \u00d6\u011frenim ve Personel E\u011fitim Alma (AB \u00dcye \u00dclkeleri ve Programla \u0130li\u015fkili Olan \u00dc\u00e7\u00fcnc\u00fc \u00dclkeler) Hareketlili\u011fi Karma Yo\u011fun Program (BIP) ilanlar\u0131na yap\u0131lan ba\u015fvurular\u0131n sonu\u00e7lar\u0131n\u0131 de\u011ferlendirmek amac\u0131yla 07.02.2025 tarih ve 526183 say\u0131l\u0131 yaz\u0131 ile Sivas Cumhuriyet \u00dcniversitesi Rekt\u00f6rl\u00fc\u011f\u00fc taraf\u0131ndan atanan \u00fcyelerin \u00fc\u00e7\u00fcnden olu\u015fan Erasmus+ Se\u00e7im Komisyonu Erasmus+ Kurum Koordinat\u00f6r\u00fc Prof. Dr. S\u00fcleyman DE\u011e\u0130RMEN vekaletiyle Erasmus+ Kurum Koordinat\u00f6r Yard\u0131mc\u0131s\u0131 \u00d6\u011fr. G\u00f6r. Emre SEVEN ba\u015fkanl\u0131\u011f\u0131nda 27.06.2025 tarihinde saat 16.45\u2019te toplanm\u0131\u015f ve ekli listede yer alan Personel Hareketlili\u011fi Yerle\u015ftirme Sonu\u00e7lar\u0131n\u0131n uygun oldu\u011funa karar vermi\u015ftir.<\/p>\n<p><strong>\u201cBu ba\u015fvurular\u0131n de\u011ferlendirilmesi ve nihai karar a\u015famas\u0131nda t\u00fcm ba\u015fvuru sahipleri ile Se\u00e7im Komisyonu \u00fcyelerinin tarafs\u0131zl\u0131\u011f\u0131n\u0131 etkileyebilecek herhangi bir ki\u015fisel ili\u015fki bulunmamaktad\u0131r. Karar \u015feffafl\u0131k kurallar\u0131na uygun bir \u015fekilde verilmi\u015ftir.\u201d<\/strong><\/div>\n<\/div>\n<\/details>\n<\/div>\n<hr class=\"scu-divider\">\n<h2 class=\"scu-legacy-heading\">\u00d6NEML\u0130 TAR\u0130HLER<\/h2>\n<div class=\"scu-richtext\"><strong>29.06.2025 16.00<\/strong> \u2013 Kat\u0131l\u0131m Beyan\u0131 veya Feragat Dilek\u00e7esi Teslimi i\u00e7in Son Tarih [1]<\/p>\n<p><strong>29.06.2025 16.00<\/strong> \u2013 De\u011ferlendirme Sonu\u00e7lar\u0131na \u0130tiraz Dilek\u00e7esi Teslimi i\u00e7in Son Tarih [2]<\/p>\n<p><strong>16.07.2025 16.00<\/strong> \u2013 Davet Mektubunun Teslimi i\u00e7in Son Tarih [3]<\/p>\n<p><strong>15-19.09.2025<\/strong> \u2013 Hareketlilik Tarihleri [4]<\/p>\n<p>&nbsp;<\/p>\n<p><strong>A\u00c7IKLAMALAR<\/strong><\/p>\n<ol>\n<li>Kat\u0131l\u0131mc\u0131lar, Erasmus+ kapsam\u0131nda hak kazand\u0131klar\u0131 hareketlilikleri ger\u00e7ekle\u015ftirece\u011fine dair kat\u0131l\u0131m beyannamesi veya haklar\u0131ndan vazge\u00e7mek istediklerine dair feragat dilek\u00e7esi teslim etmek zorundad\u0131r. Bu belgeler sonu\u00e7lar\u0131n a\u00e7\u0131klanmas\u0131ndan itibaren sonu\u00e7 a\u00e7\u0131klama sayfas\u0131ndaki belirtilen tarih ve saate kadar teslim edilmelidir. S\u00fcresi i\u00e7erisinde belge teslimi yapmayan adaylara T.C. D\u0131\u015fi\u015fleri Bakanl\u0131\u011f\u0131 Avrupa Birli\u011fi Ba\u015fkanl\u0131\u011f\u0131 Avrupa Birli\u011fi E\u011fitim ve Gen\u00e7lik Programlar\u0131 Merkezi Ba\u015fkanl\u0131\u011f\u0131n\u0131n (T\u00fcrkiye Ulusal Ajans\u0131) yay\u0131nlam\u0131\u015f oldu\u011fu Erasmus+ Y\u00fcksek\u00f6\u011fretim Kurumlar\u0131 i\u00e7in El Kitab\u0131, T.C. Sivas Cumhuriyet \u00dcniversitesi Uluslararas\u0131 \u0130li\u015fkiler Ofisi Y\u00f6nergesi ile Erasmus Program\u0131 Y\u00f6nergesinde belirtilen h\u00fck\u00fcmler \u00e7er\u00e7evesinde yapt\u0131r\u0131mlar uygulan\u0131r.<\/li>\n<li>Adaylar bu tarihe kadar de\u011ferlendirme sonu\u00e7lar\u0131na itiraz edebilirler. \u0130tiraz dilek\u00e7esi \u00e7evrim i\u00e7i (online) olarak al\u0131nacakt\u0131r. Elden itiraz dilek\u00e7esi al\u0131nmayacakt\u0131r. \u0130tiraz dilek\u00e7esi ilan\u0131n de\u011ferlendirme sonu\u00e7lar\u0131n\u0131n a\u00e7\u0131kland\u0131\u011f\u0131 sayfada yay\u0131nlanacakt\u0131r.<\/li>\n<li>Belirtilen tarihe kadar davet mektubu teslim edilmedi\u011fi takdirde s\u00f6z konusu aday hakk\u0131n\u0131 kaybedecek ve yedeklere hak tan\u0131nacakt\u0131r. (<a href=\"https:\/\/cumhuriyetedutr-my.sharepoint.com\/:w:\/g\/personal\/erasmus_cumhuriyet_edu_tr\/ER4RxfLfFxBFm3r4TUHIYbwBLRHg7Gwpm4grsmpoKu2hfg?e=U2dEYc\" target=\"_blank\" rel=\"noopener\">\u00d6rnek davet yaz\u0131s\u0131 i\u00e7in t\u0131klay\u0131n\u0131z<\/a>. Bu belge \u00f6rnek olarak kullan\u0131labilir ancak ilgili alanlar\u0131n de\u011fi\u015ftirilmesi gerekmektedir.)<\/li>\n<li>Hareketlilik tarihleri koordinat\u00f6r y\u00fcksek\u00f6\u011fretim kurumu taraf\u0131ndan belirlenmekte olup bu tarihler i\u00e7erisinde faaliyet ger\u00e7ekle\u015ftirilmelidir. Koordinat\u00f6r kurum tarihleri de\u011fi\u015ftirme hakk\u0131n\u0131 sakl\u0131 tutar.<\/li>\n<\/ol>\n<\/div>\n<hr class=\"scu-divider\">\n<h2 class=\"scu-legacy-heading\">FORMLAR &#038; D\u0130LEK\u00c7ELER<\/h2>\n<div class=\"scu-alert is-warning\">\n<div class=\"scu-alert-icon\"><i class=\"bi bi-info-circle\" aria-hidden=\"true\"><\/i><\/div>\n<div class=\"scu-alert-body\">\n<h3><strong>T\u00fcm formlar elektronik olarak a\u011f sitemizden d\u00fczenlenmelidir.<\/strong><\/h3>\n<h5><strong>Avrupa Komisyonunun alm\u0131\u015f oldu\u011fu \u201cKa\u011f\u0131ts\u0131z Erasmus+\u201d karar\u0131 gere\u011fi fiziksel olarak evrak teslim al\u0131nmamaktad\u0131r. Yaln\u0131zca dijital olarak haz\u0131rlanmas\u0131 m\u00fcmk\u00fcn olmayan evraklar fiziksel olarak teslim al\u0131nacakt\u0131r.<\/strong><\/h5>\n<\/div>\n<\/div>\n<div class=\"scu-alert is-info\">\n<div class=\"scu-alert-icon\"><i class=\"bi bi-info-circle\" aria-hidden=\"true\"><\/i><\/div>\n<div class=\"scu-alert-body\">\n<h3><strong>Erasmus+ Kurum Koordinat\u00f6rl\u00fc\u011f\u00fc ile ileti\u015fim<\/strong><\/h3>\n<h5><strong>T\u00fcm sorular\u0131n\u0131z\u0131 a\u015fa\u011f\u0131da ba\u011flant\u0131s\u0131 bulunan \u0130LET\u0130\u015e\u0130M FORMU \u00fczerinden sorabilirsiniz. \u00d6\u011frenci hareketlili\u011fi ile ilgili sorular\u0131n\u0131z\u0131 formdaki ilgili birimi se\u00e7erek ilgili personele y\u00f6neltebilirsiniz. Koordinat\u00f6rl\u00fc\u011f\u00fcm\u00fcz ile ileti\u015fim bu form arac\u0131l\u0131\u011f\u0131yla kurulmal\u0131d\u0131r. Koordinat\u00f6rl\u00fc\u011f\u00fcm\u00fcz\u00fcn e-posta adresine g\u00f6nderilen iletiler dikkate al\u0131nmayacakt\u0131r.<\/strong><br \/>\n<strong>Davet mektuplar\u0131n\u0131z\u0131 ve di\u011fer taranm\u0131\u015f belgeleri de yine bu form vas\u0131tas\u0131 ile ilgili personele g\u00f6nderebilirsiniz.<\/strong><\/h5>\n<\/div>\n<\/div>\n<div class=\"scu-legacy-row scu-legacy-vc-row-inner\">\n<div class=\"scu-legacy-col scu-col-1-2\"><a class=\"scu-btn \" href=\"https:\/\/erasmus.cumhuriyet.edu.tr\/erasmus\/outgoing\/student\/docs\/declaration\/?call-name=&amp;ktlm_durum=Kat%C4%B1laca%C4%9F%C4%B1m%C4%B1%20beyan%20ediyorum\" target=\"_blank\" rel=\"noopener\">KATILIM BEYANI (\u00d6\u011frenci) i\u00e7in t\u0131klay\u0131n\u0131z<\/a><a class=\"scu-btn \" href=\"https:\/\/erasmus.cumhuriyet.edu.tr\/erasmus\/outgoing\/student\/docs\/declaration\/?call-name=&amp;ktlm_durum=Hakk%C4%B1mdan%20feragat%20ediyorum%20(kat%C4%B1lmayaca%C4%9F%C4%B1m)\" target=\"_blank\" rel=\"noopener\">FERAGAT D\u0130LEK\u00c7ES\u0130 (\u00d6\u011frenci) i\u00e7in t\u0131klay\u0131n\u0131z<\/a><\/p>\n<div class=\"scu-spacer\" style=\"--scu-space:10px\" aria-hidden=\"true\"><\/div>\n<p><a class=\"scu-btn is-green\" href=\"https:\/\/erasmus.cumhuriyet.edu.tr\/erasmus\/outgoing\/staff\/docs\/declaration\/?call-name=&amp;ktlm_durum=Kat%C4%B1laca%C4%9F%C4%B1m%C4%B1%20beyan%20ediyorum\" target=\"_blank\" rel=\"noopener\">KATILIM BEYANI (Personel) i\u00e7in t\u0131klay\u0131n\u0131z<\/a><a class=\"scu-btn is-green\" href=\"https:\/\/erasmus.cumhuriyet.edu.tr\/erasmus\/outgoing\/staff\/docs\/declaration\/?call-name=&amp;ktlm_durum=Hakk%C4%B1mdan%20feragat%20ediyorum%20(kat%C4%B1lmayaca%C4%9F%C4%B1m)\" target=\"_blank\" rel=\"noopener\">FERAGAT D\u0130LEK\u00c7ES\u0130 (Personel) i\u00e7in t\u0131klay\u0131n\u0131z<\/a><\/p>\n<div class=\"scu-spacer\" style=\"--scu-space:10px\" aria-hidden=\"true\"><\/div>\n<p><a class=\"scu-btn is-dark\" href=\"\/erasmus\/outgoing\/student\/docs\/\" target=\"_blank\" rel=\"noopener\">T\u00dcM D\u0130J\u0130TAL FORMLARa ula\u015fmak i\u00e7in t\u0131klay\u0131n\u0131z<\/a><\/p>\n<div class=\"scu-spacer\" style=\"--scu-space:1px\" aria-hidden=\"true\"><\/div>\n<p><a class=\"scu-btn \" href=\"https:\/\/cumhuriyetedutr-my.sharepoint.com\/:w:\/g\/personal\/erasmus_cumhuriyet_edu_tr\/EU33WoBYGcpIo3RE8MuvgooBfMeMDaTgpYwXMQDzmZakXg?e=eVSDGe\" target=\"_blank\" rel=\"noopener\">\u00d6RNEK DAVET MEKTUBU i\u00e7in t\u0131klay\u0131n\u0131z<\/a><\/div>\n<div class=\"scu-legacy-col scu-col-1-2\"><a class=\"scu-btn \" href=\"https:\/\/erasmus.cumhuriyet.edu.tr\/erasmus\/outgoing\/contact-form\/?ogr_per=\u00d6\u011eRENC\u0130\" target=\"_blank\" rel=\"noopener\">\u0130LET\u0130\u015e\u0130M FORMU i\u00e7in t\u0131klay\u0131n\u0131z<\/a><\/p>\n<div class=\"scu-spacer\" style=\"--scu-space:1px\" aria-hidden=\"true\"><\/div>\n<p><a class=\"scu-btn is-warning\" href=\"https:\/\/erasmus.cumhuriyet.edu.tr\/erasmus\/outgoing\/petition\/?ogr_per=\u00d6\u011eRENC\u0130\" target=\"_blank\" rel=\"noopener\">GENEL AMA\u00c7LI D\u0130LEK\u00c7E i\u00e7in t\u0131klay\u0131n\u0131z<\/a><\/div>\n<\/div>\n<div class=\"scu-richtext\"><strong>* Bu sayfadaki veri ile ilan metninin PDF s\u00fcr\u00fcm\u00fc aras\u0131nda bir uyu\u015fmazl\u0131k olmas\u0131 durumunda PDF s\u00fcr\u00fcm\u00fc esas al\u0131n\u0131r.<\/strong><br \/>\n<strong>* Bu sayfadaki veri ile sonu\u00e7 ilan\u0131n\u0131n PDF s\u00fcr\u00fcm\u00fc aras\u0131nda bir uyu\u015fmazl\u0131k olmas\u0131 durumunda PDF s\u00fcr\u00fcm\u00fc esas al\u0131n\u0131r.<\/strong><br \/>\n<strong>* TURNAPortaldeki veri ile sonu\u00e7 ilan\u0131n\u0131n PDF s\u00fcr\u00fcm\u00fc aras\u0131nda bir uyu\u015fmazl\u0131k olmas\u0131 durumunda PDF s\u00fcr\u00fcm\u00fc esas al\u0131n\u0131r.<\/strong><\/div>\n<\/div>\n<\/div>\n<div class=\"scu-legacy-row scu-legacy-vc-row\">\n<div class=\"scu-legacy-col scu-col-1-1\"><\/div>\n<\/div>\n<\/div>\n","protected":false},"excerpt":{"rendered":"<p>1. \u0130lan Bilgileri (2502 Nolu \u0130lan) \u0130LAN B\u0130LG\u0130LER\u0130 \u0130LAN NO:\u00a02502 \u0130LAN BA\u015eLI\u011eI:\u00a0Erasmus+ \u00d6\u011frenci \u00d6\u011frenim Hareketlili\u011fi Karma Yo\u011fun Program (BIP) \u0130lan\u0131 EYLEM T\u00dcR\u00dc:\u00a0KA131 (AB \u00dcye \u00dclkeleri ve Programla \u0130li\u015fkili \u00dc\u00e7\u00fcnc\u00fc \u00dclkeler) PROJE T\u00dcR\u00dc:\u00a0Tek Yararlan\u0131c\u0131l\u0131 Projeler PROJE YILI:\u00a02024 PROJE NO:\u00a02024-1-TR01-KA131-HED-000208641 \u0130LAN TAR\u0130H\u0130:\u00a024.06.2025 \u0130lgili ilana ula\u015fmak i\u00e7in t\u0131klay\u0131n 2. \u0130lan Bilgileri (2503 Nolu \u0130lan) \u0130LAN B\u0130LG\u0130LER\u0130 \u0130LAN NO:\u00a02503 [&hellip;]<\/p>\n","protected":false},"author":1,"featured_media":0,"comment_status":"closed","ping_status":"open","sticky":false,"template":"","format":"standard","meta":{"advanced_seo_description":"","jetpack_seo_html_title":"","jetpack_seo_noindex":false,"jetpack_seo_schema_type":"","_jetpack_newsletter_access":"","_jetpack_dont_email_post_to_subs":false,"_jetpack_newsletter_tier_id":0,"_jetpack_memberships_contains_paywalled_content":false,"_jetpack_feature_clip_id":0,"_jetpack_memberships_contains_paid_content":false,"footnotes":"","jetpack_post_was_ever_published":false},"categories":[41,43,187,40,44,46,47,57,59],"tags":[178],"class_list":["post-6565","post","type-post","status-publish","format-standard","hentry","category-erasmus","category-out","category-bip-out","category-calls","category-ka131_out","category-ka131_out_std","category-ka131_out_sta","category-ka131_out_sta_res","category-ka131_out_std_res","tag-bip"],"blocksy_meta":{"styles_descriptor":{"styles":{"desktop":"","tablet":"","mobile":""},"google_fonts":[],"version":7}},"jetpack_sharing_enabled":true,"jetpack_shortlink":"https:\/\/wp.me\/pfKvKT-1HT","jetpack_featured_media_url":"","_links":{"self":[{"href":"https:\/\/erasmus.cumhuriyet.edu.tr\/en\/wp-json\/wp\/v2\/posts\/6565","targetHints":{"allow":["GET"]}}],"collection":[{"href":"https:\/\/erasmus.cumhuriyet.edu.tr\/en\/wp-json\/wp\/v2\/posts"}],"about":[{"href":"https:\/\/erasmus.cumhuriyet.edu.tr\/en\/wp-json\/wp\/v2\/types\/post"}],"author":[{"embeddable":true,"href":"https:\/\/erasmus.cumhuriyet.edu.tr\/en\/wp-json\/wp\/v2\/users\/1"}],"replies":[{"embeddable":true,"href":"https:\/\/erasmus.cumhuriyet.edu.tr\/en\/wp-json\/wp\/v2\/comments?post=6565"}],"version-history":[{"count":5,"href":"https:\/\/erasmus.cumhuriyet.edu.tr\/en\/wp-json\/wp\/v2\/posts\/6565\/revisions"}],"predecessor-version":[{"id":6571,"href":"https:\/\/erasmus.cumhuriyet.edu.tr\/en\/wp-json\/wp\/v2\/posts\/6565\/revisions\/6571"}],"wp:attachment":[{"href":"https:\/\/erasmus.cumhuriyet.edu.tr\/en\/wp-json\/wp\/v2\/media?parent=6565"}],"wp:term":[{"taxonomy":"category","embeddable":true,"href":"https:\/\/erasmus.cumhuriyet.edu.tr\/en\/wp-json\/wp\/v2\/categories?post=6565"},{"taxonomy":"post_tag","embeddable":true,"href":"https:\/\/erasmus.cumhuriyet.edu.tr\/en\/wp-json\/wp\/v2\/tags?post=6565"}],"curies":[{"name":"wp","href":"https:\/\/api.w.org\/{rel}","templated":true}]}}