{"id":5271,"date":"2025-03-24T15:20:22","date_gmt":"2025-03-24T12:20:22","guid":{"rendered":"https:\/\/erasmus.cumhuriyet.edu.tr\/?p=5271"},"modified":"2025-03-24T15:20:22","modified_gmt":"2025-03-24T12:20:22","slug":"2412-erasmus-personel-duzeltme-sonuc-2024-ka131","status":"publish","type":"post","link":"https:\/\/erasmus.cumhuriyet.edu.tr\/en\/2412-erasmus-personel-duzeltme-sonuc-2024-ka131\/","title":{"rendered":"Erasmus+ Personel E\u011fitim Alma Hareketlili\u011fi De\u011ferlendirme Sonu\u00e7lar\u0131 (D\u00fczeltme) (2024 KA131) [\u0130lan No: 2412]"},"content":{"rendered":"<div class=\"scu-page scu-page-inner\">\n<div class=\"scu-legacy-row scu-legacy-vc-row\">\n<div class=\"scu-legacy-col scu-col-1-1\">\n<div class=\"scu-accordion-group\">\n<details class=\"scu-accordion scu-legacy-vc-section\">\n<summary><span>\u0130lan Bilgileri<\/span><i class=\"bi bi-chevron-down scu-accordion-arrow\" aria-hidden=\"true\"><\/i><\/summary>\n<div class=\"scu-accordion-content\">\n<h2 class=\"scu-legacy-heading\">\u0130LAN B\u0130LG\u0130LER\u0130<\/h2>\n<div class=\"scu-richtext\">\u0130LAN NO:\u00a0<strong>2412<\/strong><br \/>\n\u0130LAN BA\u015eLI\u011eI:\u00a0<strong>ERASMUS+ PERSONEL HAREKETL\u0130L\u0130\u011e\u0130 \u0130LANI<\/strong><br \/>\nEYLEM T\u00dcR\u00dc:\u00a0<strong>KA131 (AB \u00dcye \u00dclkeleri ve Programla \u0130li\u015fkili \u00dc\u00e7\u00fcnc\u00fc \u00dclkeler)<\/strong><br \/>\nPROJE T\u00dcR\u00dc:<strong>\u00a0TEK ve B\u0130RDEN FAZLA (KONSORS\u0130YUM) YARARLANICILI PROJELER<\/strong><br \/>\nPROJE YILI:\u00a0<strong>2024 YILI<\/strong><br \/>\nPROJE NO:\u00a0<strong>2024-1-TR01-KA131-HED-000208641, 2024-1-TR01-KA131-HED-000208600,\u00a0<\/strong><strong>2024-1-TR01-KA131-HED-000223204, 2024-1-TR01-KA131-HED-000200375,\u00a0<\/strong><strong>2024-1-TR01-KA131-HED-000222996<\/strong><br \/>\n\u0130LAN TAR\u0130H\u0130:\u00a0<strong>30.12.2024<\/strong><\/div>\n<p><a class=\"scu-btn is-turquoise\" href=\"https:\/\/erasmus.cumhuriyet.edu.tr\/2412-erasmus-personel-ilani-2024-ka131\/\" target=\"_blank\" rel=\"noopener\">\u0130lgili ilana ula\u015fmak i\u00e7in t\u0131klay\u0131n<\/a><\/div>\n<\/details>\n<\/div>\n<hr class=\"scu-divider\">\n<h2 class=\"scu-legacy-heading\">DE\u011eERLEND\u0130RME SONU\u00c7LARI<\/h2>\n<div class=\"scu-richtext\">30.12.2024 tarihli Erasmus+ Personel Hareketlili\u011fi (2024 KA131) ilan\u0131n\u0131n de\u011ferlendirme sonu\u00e7lar\u0131na T\u00fcrkiye Ulusal Ajans\u0131 Erasmus+ Ba\u015fvuru Portali \u00fczerinden eri\u015febilirsiniz.<\/p>\n<p><strong><a href=\"https:\/\/turnaportal.ua.gov.tr\" target=\"_blank\" rel=\"noopener\">https:\/\/turnaportal.ua.gov.tr<\/a> adresine gidip Dijital T\u00fcrkiye (e-Devlet) \u015fifreniz ile giri\u015f yapt\u0131ktan sonra sol men\u00fcde yer alan Ba\u015fvurular\u0131m se\u00e7ene\u011fine t\u0131kland\u0131\u011f\u0131nda ilgili ilan\u0131n kar\u015f\u0131s\u0131nda de\u011ferlendirme sonucunuz yer almaktad\u0131r.<\/strong><\/p>\n<p><strong style=\"color: red;\">Hak kazanan adaylar\u0131n 28.03.2025 16.30 tarihine kadar kat\u0131l\u0131m beyan\u0131 veya feragat dilek\u00e7esini \u00e7evrim i\u00e7i olarak doldurup TURNAPortal sistemine y\u00fcklemesi gerekmektedir. Belirtilen s\u00fcre i\u00e7erisinde ilgili formlardan birini doldurmayan adaylar haklar\u0131n\u0131 kaybederler ve adaya ilgili mevzuat uyar\u0131nca yapt\u0131r\u0131m uygulan\u0131r. Hakk\u0131n\u0131 bu nedenden kaybeden adaylar, sonraki Erasmus+ ilanlar\u0131na ba\u015fvurular\u0131nda puan azaltma i\u015flemi uygulan\u0131r.<\/strong><\/p>\n<p><strong style=\"color: red;\">Ayr\u0131nt\u0131lar i\u00e7in \u00d6NEML\u0130 TAR\u0130HLER b\u00f6l\u00fcm\u00fcn\u00fc inceleyiniz.<\/strong><\/div>\n<hr class=\"scu-divider\">\n<div class=\"scu-accordion-group\">\n<details class=\"scu-accordion scu-legacy-vc-section\">\n<summary><span>Sorumlu Personel<\/span><i class=\"bi bi-chevron-down scu-accordion-arrow\" aria-hidden=\"true\"><\/i><\/summary>\n<div class=\"scu-accordion-content\">\n<h2 class=\"scu-legacy-heading\">Personel Hareketliliklerinden Sorumlu Ofis Personeli<\/h2>\n<div class=\"scu-legacy-row scu-legacy-vc-row-inner\">\n<div class=\"scu-legacy-col scu-col-1-6\">\n<figure class=\"scu-media\"><img data-recalc-dims=\"1\" decoding=\"async\" src=\"https:\/\/i0.wp.com\/erasmus.cumhuriyet.edu.tr\/wp-content\/uploads\/2022\/06\/profile_ykan.jpg?w=1290&#038;ssl=1\" alt=\"\" loading=\"lazy\"><\/figure>\n<\/div>\n<div class=\"scu-legacy-col scu-col-5-6\">\n<h3 class=\"scu-legacy-heading\">Yasemin KAN<\/h3>\n<div class=\"scu-richtext\">\n<h3><strong>Giden Y\u00f6nl\u00fc Personel Hareketlilikleri<\/strong><\/h3>\n<\/div>\n<\/div>\n<\/div>\n<div class=\"scu-legacy-row scu-legacy-vc-row-inner\">\n<div class=\"scu-legacy-col scu-col-1-3\"><a class=\"scu-btn is-warning\" href=\"#\">5167<\/a><\/div>\n<div class=\"scu-legacy-col scu-col-1-3\"><a class=\"scu-btn is-warning\" href=\"#\">+90 (346) 487 5167<\/a><\/div>\n<div class=\"scu-legacy-col scu-col-1-3\"><a class=\"scu-btn \" href=\"https:\/\/erasmus.cumhuriyet.edu.tr\/erasmus\/outgoing\/contact-form\/?ogr_per=PERSONEL&amp;ounit=KA131%20STA_STT%20-%20Avrupa%20i%C3%A7i%20Giden%20Personel%20Hareketlilikleri%20Birimi%20(Yasemin%20Kan)\" target=\"_blank\" rel=\"noopener\">\u0130leti\u015fim Formu<\/a><\/div>\n<\/div>\n<\/div>\n<\/details>\n<\/div>\n<hr class=\"scu-divider\">\n<div class=\"scu-alert is-info\">\n<div class=\"scu-alert-icon\"><i class=\"bi bi-info-circle\" aria-hidden=\"true\"><\/i><\/div>\n<div class=\"scu-alert-body\">D\u00fczeltilmi\u015f de\u011ferlendirme sonu\u00e7lar\u0131nda yaln\u0131zca idari personele yer verilmi\u015ftir. &#8220;\u0130dari Personel Olmak +5 puan&#8221; kriterinin sistemsel sorun nedeniyle \u00e7al\u0131\u015fmamas\u0131 sonucu idari personele ek puan verilememi\u015fti. A\u015fa\u011f\u0131daki listede g\u00fcncellenmi\u015f sonu\u00e7lar mevcuttur.<\/div>\n<\/div>\n<p><a class=\"scu-btn is-accent\" href=\"https:\/\/turnaportal.ua.gov.tr\" target=\"_blank\" rel=\"noopener\">ERASMUS+ BA\u015eVURU PORTAL\u0130 (TURNAPortal) \u00dcZER\u0130NDEN BA\u015eVURU SONUCU SORGULAMA EKRANI<\/a><a class=\"scu-btn \" href=\"https:\/\/cumhuriyetedutr-my.sharepoint.com\/:b:\/g\/personal\/erasmus_cumhuriyet_edu_tr\/EbqL_i1L5aJGseiwTBZqHWIBw94A2-7lbsBmMHkSnw5-Rg?e=qNonPS\" target=\"_blank\" rel=\"noopener\">STT &#8211; PERSONEL E\u011e\u0130T\u0130M ALMA HAREKETL\u0130L\u0130\u011e\u0130 DE\u011eERLEND\u0130RME YERLE\u015eT\u0130RME SONU\u00c7LARI (D\u00dcZELTME) (PDF)<\/a><\/p>\n<div class=\"scu-alert is-danger\">\n<div class=\"scu-alert-icon\"><i class=\"bi bi-info-circle\" aria-hidden=\"true\"><\/i><\/div>\n<div class=\"scu-alert-body\"><strong>Bu de\u011ferlendirme sonu\u00e7lar\u0131nda yedek stat\u00fcs\u00fcnde bulunanlar\u0131n, sonu\u00e7lar\u0131n a\u00e7\u0131klanmas\u0131n\u0131 takip eden bir y\u0131l i\u00e7erisinde ba\u015fka bir ilandan hareketlili\u011fe hak kazanmas\u0131 durumunda ilgili personele bu ilandan kat\u0131l\u0131mc\u0131 olarak hak verilmeyecektir.<\/strong><\/div>\n<\/div>\n<div class=\"scu-alert is-danger\">\n<div class=\"scu-alert-icon\"><i class=\"bi bi-info-circle\" aria-hidden=\"true\"><\/i><\/div>\n<div class=\"scu-alert-body\"><strong>Abdullah G\u00fcl \u00dcniversitesi ve Ankara Y\u0131ld\u0131r\u0131m Beyaz\u0131t \u00dcniversitesi taraf\u0131ndan koordine edilen Erasmus+ Ulusal Hareketlilik Konsorsiyumu Projeleri kapsam\u0131nda hareketliliklerini ger\u00e7ekle\u015ftirecek adaylar ilgili koordinat\u00f6r \u00fcniversitelerin kurallar\u0131na tabidir. Ortaklar\u0131m\u0131z hareketlilik ve belgeler ile ilgili farkl\u0131 uygulamaya sahip olabilir (ek belge talep etme, sa\u011fl\u0131k sigortas\u0131 zorunlulu\u011fu vb.). Aday\u0131n uygulama s\u00fcreci hakk\u0131nda bilgi edinmesi gerekmektedir.<\/strong><\/div>\n<\/div>\n<div class=\"scu-alert is-danger\">\n<div class=\"scu-alert-icon\"><i class=\"bi bi-info-circle\" aria-hidden=\"true\"><\/i><\/div>\n<div class=\"scu-alert-body\"><strong>T\u00fcm belgelerin TURNAPortal sistemine y\u00fcklenmesi zorunludur. Kat\u0131l\u0131m beyan\u0131n\u0131 ilgili tarihe kadar TURNAPortale y\u00fcklemeyen kat\u0131l\u0131mc\u0131lar haklar\u0131n\u0131 kaybederler. \u0130lgili tarihlere kadar kat\u0131l\u0131m beyan\u0131\/feragat dilek\u00e7esini TURNAPortale y\u00fcklemeyen adaylara ilgili mevzuat uyar\u0131nca yapt\u0131r\u0131m uygulan\u0131r.<\/strong><\/div>\n<\/div>\n<div class=\"scu-alert is-danger\">\n<div class=\"scu-alert-icon\"><i class=\"bi bi-info-circle\" aria-hidden=\"true\"><\/i><\/div>\n<div class=\"scu-alert-body\"><strong>Y\u00fcksek\u00f6\u011fretim Kurulu Ba\u015fkanl\u0131\u011f\u0131n\u0131n 22.02.2022 tarih ve 12994 say\u0131l\u0131 yaz\u0131s\u0131 ile T.C. D\u0131\u015fi\u015fleri Bakanl\u0131\u011f\u0131 Avrupa Birli\u011fi Ba\u015fkanl\u0131\u011f\u0131 Avrupa Birli\u011fi E\u011fitim ve Gen\u00e7lik Programlar\u0131 Merkezi Ba\u015fkanl\u0131\u011f\u0131n\u0131n (T\u00fcrkiye Ulusal Ajans\u0131) 06.10.2023 tarih ve 81749 say\u0131l\u0131 yaz\u0131lar\u0131 gere\u011fi Erasmus+ Y\u00fcksek\u00f6\u011fretim \u00d6\u011frenci ve Personel Hareketlili\u011fi ile ilgili s\u00fcre\u00e7lerin TURNAPortal (https:\/\/turnaportal.ua.gov.tr\/) \u00fczerinden y\u00fcr\u00fct\u00fclmesi gerekti\u011fini h\u00fck\u00fcm alt\u0131na ald\u0131\u011f\u0131ndan hareketlilik \u00f6ncesi, s\u00fcresince ve sonras\u0131 talep edilen t\u00fcm belgelerin (kat\u0131l\u0131m beyan\u0131, feragat dilek\u00e7esi, kabul mektubu\/davet yaz\u0131s\u0131, kimlik, pasaport, \u00f6\u011frenim anla\u015fmas\u0131 (learning agreement), kat\u0131l\u0131m belgesi\/sertifikas\u0131 vb.) Portale y\u00fcklenmesi zorunludur.<\/strong><\/div>\n<\/div>\n<div class=\"scu-alert is-danger\">\n<div class=\"scu-alert-icon\"><i class=\"bi bi-info-circle\" aria-hidden=\"true\"><\/i><\/div>\n<div class=\"scu-alert-body\">\n<h3 style=\"text-align: justify;\"><strong style=\"color: red;\">Hak kazanan adaylar\u0131n 28.03.2025 16.30 tarihine kadar kat\u0131l\u0131m beyan\u0131 veya feragat dilek\u00e7esini \u00e7evrim i\u00e7i olarak doldurup TURNAPortal sistemine y\u00fcklemesi gerekmektedir. Belirtilen s\u00fcre i\u00e7erisinde ilgili formlardan birini doldurmayan adaylar haklar\u0131n\u0131 kaybederler ve adaya ilgili mevzuat uyar\u0131nca yapt\u0131r\u0131m uygulan\u0131r. Hakk\u0131n\u0131 bu nedenden kaybeden adaylar, sonraki Erasmus+ ilanlar\u0131na ba\u015fvurular\u0131nda puan azaltma i\u015flemi uygulan\u0131r.<\/strong><\/h3>\n<\/div>\n<\/div>\n<div class=\"scu-alert is-warning\">\n<div class=\"scu-alert-icon\"><i class=\"bi bi-info-circle\" aria-hidden=\"true\"><\/i><\/div>\n<div class=\"scu-alert-body\"><strong>Hareketlili\u011fe kat\u0131lacak t\u00fcm adaylar\u0131n UETS e-tebligat hesab\u0131 a\u00e7\u0131p UETS belgesini hareketlilik \u00f6ncesi TURNAPortale y\u00fcklemesi zorunludur. UETS hesab\u0131 a\u00e7mayan ve sisteme belgeyi y\u00fcklemeyen kat\u0131l\u0131mc\u0131lara \u00f6deme yap\u0131lmaz.<\/strong><\/div>\n<\/div>\n<div class=\"scu-accordion-group\">\n<details class=\"scu-accordion scu-legacy-vc-section\">\n<summary><span>Erasmus+ Se\u00e7im Komisyonu Karar\u0131<\/span><i class=\"bi bi-chevron-down scu-accordion-arrow\" aria-hidden=\"true\"><\/i><\/summary>\n<div class=\"scu-accordion-content\">\n<div class=\"scu-richtext\">\n<p style=\"text-align: justify;\">30.09.2024 tarihinde 2409 numaral\u0131 \u201cERASMUS+ PERSONEL HAREKETL\u0130L\u0130\u011e\u0130 \u0130LANI (2024 KA131)\u201d ba\u015fl\u0131\u011f\u0131 ile yay\u0131nlanan 2024 KA131 Personel Ders Verme ve E\u011fitim Alma (AB \u00dcye \u00dclkeleri ve Programla \u0130li\u015fkili Olan \u00dc\u00e7\u00fcnc\u00fc \u00dclkeler) Hareketlili\u011fi ilan\u0131na yap\u0131lan ba\u015fvurular\u0131n yedek yerle\u015ftirme sonu\u00e7lar\u0131n\u0131 de\u011ferlendirmek amac\u0131yla 07.02.2025 tarih ve 526183 say\u0131l\u0131 yaz\u0131 ile Sivas Cumhuriyet \u00dcniversitesi Rekt\u00f6rl\u00fc\u011f\u00fc taraf\u0131ndan atanan \u00fcyelerin \u00fc\u00e7\u00fcnden olu\u015fan Erasmus+ Se\u00e7im Komisyonu Erasmus+ Kurum Koordinat\u00f6r\u00fc Prof. Dr. S\u00fcleyman DE\u011e\u0130RMEN ba\u015fkanl\u0131\u011f\u0131nda 24.03.2025 tarihinde saat 10.00\u2019da toplanm\u0131\u015f ve ekli listede yer alan Personel Hareketlili\u011fi Yedek Yerle\u015ftirme Sonu\u00e7lar\u0131n\u0131n uygun oldu\u011funa karar vermi\u015ftir.<\/p>\n<p style=\"text-align: justify;\"><strong>\u201cBu ba\u015fvurular\u0131n de\u011ferlendirilmesi ve nihai karar a\u015famas\u0131nda t\u00fcm ba\u015fvuru sahipleri ile Se\u00e7im Komisyonu \u00fcyelerinin tarafs\u0131zl\u0131\u011f\u0131n\u0131 etkileyebilecek herhangi bir ki\u015fisel ili\u015fki bulunmamaktad\u0131r. Karar \u015feffafl\u0131k kurallar\u0131na uygun bir \u015fekilde verilmi\u015ftir.\u201d<\/strong><\/p>\n<\/div>\n<\/div>\n<\/details>\n<\/div>\n<hr class=\"scu-divider\">\n<h2 class=\"scu-legacy-heading\">\u0130\u015e AKI\u015eI<\/h2>\n<div class=\"scu-alert is-warning\">\n<div class=\"scu-alert-icon\"><i class=\"bi bi-info-circle\" aria-hidden=\"true\"><\/i><\/div>\n<div class=\"scu-alert-body\">\n<h3><strong>D\u0130KKAT!<\/strong><\/h3>\n<h4><strong>T\u00fcm belgelerin T\u00fcrkiye Ulusal Ajans\u0131 Erasmus+ Ba\u015fvuru Portaline y\u00fcklenmesi gerekmektedir. Koordinat\u00f6rl\u00fc\u011f\u00fcm\u00fcz taraf\u0131ndan ek belge talep edilebilir. Ayr\u0131nt\u0131lar i\u00e7in ilgili personel ile ileti\u015fime ge\u00e7ebilirsiniz.<\/strong><\/h4>\n<\/div>\n<\/div>\n<hr class=\"scu-divider\">\n<h2 class=\"scu-legacy-heading\">\u00d6NEML\u0130 TAR\u0130HLER<\/h2>\n<div class=\"scu-richtext\">\n<table id=\"footable_3354\" class=\"foo-table ninja_footable foo_table_3354 ninja_table_unique_id_1905134740_3354 ui table nt_type_ajax_table selectable striped compact vertical_centered footable-paging-right ninja_table_search_disabled footable footable-1 footable-paging breakpoint-lg\" data-ninja_table_instance=\"ninja_table_instance_0\" data-footable_id=\"3354\" data-filter-delay=\"1000\" aria-label=\"2023-08-07 2021 KA131 STT IM Takvim (Uzatma)\" data-unique_identifier=\"ninja_table_unique_id_1905134740_3354\">\n<thead>\n<tr class=\"footable-header\">\n<th class=\"ninja_column_0 ninja_clmn_nm_tarh footable-first-visible\" scope=\"col\">TAR\u0130H<\/th>\n<th class=\"ninja_column_1 ninja_clmn_nm_lem footable-last-visible\" scope=\"col\">\u0130\u015eLEM<\/th>\n<\/tr>\n<\/thead>\n<colgroup>\n<col class=\"ninja_column_0 \" \/>\n<col class=\"ninja_column_1 \" \/><\/colgroup>\n<tfoot><\/tfoot>\n<tbody>\n<tr class=\"ninja_table_row_3 nt_row_id_33807\">\n<td class=\"ninja_column_0 ninja_clmn_nm_tarh footable-first-visible\">24.03.2025<\/td>\n<td class=\"ninja_column_1 ninja_clmn_nm_lem footable-last-visible\">D\u00fczeltilmi\u015f De\u011ferlendirme Sonu\u00e7lar\u0131n\u0131n ilan\u0131 [1]<\/td>\n<\/tr>\n<tr class=\"ninja_table_row_5 nt_row_id_33809\">\n<td class=\"ninja_column_0 ninja_clmn_nm_tarh footable-first-visible\">28.03.2025 16.30<\/td>\n<td class=\"ninja_column_1 ninja_clmn_nm_lem footable-last-visible\">Kat\u0131l\u0131m Beyannamesi ve Feragat Dilek\u00e7esi Teslimi i\u00e7in Son Tarih [3]<\/td>\n<\/tr>\n<tr class=\"ninja_table_row_6 nt_row_id_33810\">\n<td class=\"ninja_column_0 ninja_clmn_nm_tarh footable-first-visible\">18.04.2025 16.30<\/td>\n<td class=\"ninja_column_1 ninja_clmn_nm_lem footable-last-visible\">Davet Mektubunun Teslimi i\u00e7in Son Tarih [4]<\/td>\n<\/tr>\n<tr class=\"ninja_table_row_6 nt_row_id_33810\">\n<td class=\"ninja_column_0 ninja_clmn_nm_tarh footable-first-visible\">30.11.2025<\/td>\n<td class=\"ninja_column_1 ninja_clmn_nm_lem footable-last-visible\">Hareketlili\u011fin tamamlanmas\u0131 gereken en ge\u00e7 tarih [5]<\/td>\n<\/tr>\n<\/tbody>\n<\/table>\n<ol>\n<li>De\u011ferlendirme Sonu\u00e7lar\u0131 Koordinat\u00f6rl\u00fc\u011f\u00fcm\u00fcz\u00fcn internet sitesi (<a href=\"https:\/\/erasmus.cumhuriyet.edu.tr\">https:\/\/erasmus.cumhuriyet.edu.tr<\/a>) \u00fczerinden ilan edilecektir.<\/li>\n<li>.<\/li>\n<li>Kat\u0131l\u0131mc\u0131lar, Erasmus+ kapsam\u0131nda hak kazand\u0131klar\u0131 hareketlilikleri ger\u00e7ekle\u015ftirece\u011fine dair kat\u0131l\u0131m beyannamesi veya haklar\u0131ndan vazge\u00e7mek istediklerine dair feragat dilek\u00e7esi teslim etmek zorundad\u0131r. Bu belgeler sonu\u00e7lar\u0131n a\u00e7\u0131klanmas\u0131ndan itibaren 5 g\u00fcn i\u00e7erisinde teslim edilmelidir. S\u00fcresi i\u00e7erisinde belge teslimi yapmayan adaylara T.C. D\u0131\u015fi\u015fleri Bakanl\u0131\u011f\u0131 Avrupa Birli\u011fi Ba\u015fkanl\u0131\u011f\u0131 Avrupa Birli\u011fi E\u011fitim ve Gen\u00e7lik Programlar\u0131 Merkezi Ba\u015fkanl\u0131\u011f\u0131n\u0131n (T\u00fcrkiye Ulusal Ajans\u0131) yay\u0131nlam\u0131\u015f oldu\u011fu Erasmus+ Y\u00fcksek\u00f6\u011fretim Kurumlar\u0131 i\u00e7in El Kitab\u0131, T.C. Sivas Cumhuriyet \u00dcniversitesi Uluslararas\u0131 \u0130li\u015fkiler Ofisi Y\u00f6nergesi ile Erasmus Program\u0131 Y\u00f6nergesinde belirtilen h\u00fck\u00fcmler \u00e7er\u00e7evesinde yapt\u0131r\u0131mlar uygulan\u0131r.<\/li>\n<li>Belirtilen tarihe kadar davet mektubu teslim edilmedi\u011fi takdirde s\u00f6z konusu personel hakk\u0131n\u0131 kaybedecek ve yedeklere hak tan\u0131nacakt\u0131r. (<a href=\"https:\/\/cumhuriyetedutr-my.sharepoint.com\/:w:\/g\/personal\/erasmus_cumhuriyet_edu_tr\/ER4RxfLfFxBFm3r4TUHIYbwBLRHg7Gwpm4grsmpoKu2hfg?e=U2dEYc\" target=\"_blank\" rel=\"noopener\">\u00d6rnek davet yaz\u0131s\u0131 i\u00e7in t\u0131klay\u0131n\u0131z<\/a>. Bu belge \u00f6rnek olarak kullan\u0131labilir ancak ilgili alanlar\u0131n de\u011fi\u015ftirilmesi gerekmektedir.)<\/li>\n<li>Bu tarihe kadar T\u00fcrkiye\u2019ye d\u00f6nm\u00fc\u015f ve t\u00fcm evraklar\u0131 teslim etmi\u015f olma zorunlulu\u011fu bulunmaktad\u0131r.<\/li>\n<\/ol>\n<\/div>\n<hr class=\"scu-divider\">\n<h2 class=\"scu-legacy-heading\">FORMLAR &#038; D\u0130LEK\u00c7ELER<\/h2>\n<div class=\"scu-alert is-warning\">\n<div class=\"scu-alert-icon\"><i class=\"bi bi-info-circle\" aria-hidden=\"true\"><\/i><\/div>\n<div class=\"scu-alert-body\">\n<h3><strong>T\u00fcm formlar elektronik olarak a\u011f sitemizden d\u00fczenlenmelidir.<\/strong><\/h3>\n<h5><strong>Avrupa Komisyonunun alm\u0131\u015f oldu\u011fu \u201cKa\u011f\u0131ts\u0131z Erasmus+\u201d karar\u0131 gere\u011fi fiziksel olarak evrak teslim al\u0131nmamaktad\u0131r. Yaln\u0131zca dijital olarak haz\u0131rlanmas\u0131 m\u00fcmk\u00fcn olmayan evraklar fiziksel olarak teslim al\u0131nacakt\u0131r.<\/strong><\/h5>\n<\/div>\n<\/div>\n<div class=\"scu-alert is-info\">\n<div class=\"scu-alert-icon\"><i class=\"bi bi-info-circle\" aria-hidden=\"true\"><\/i><\/div>\n<div class=\"scu-alert-body\">\n<h3><strong>Erasmus+ Kurum Koordinat\u00f6rl\u00fc\u011f\u00fc ile ileti\u015fim<\/strong><\/h3>\n<h5><strong>T\u00fcm sorular\u0131n\u0131z\u0131 a\u015fa\u011f\u0131da ba\u011flant\u0131s\u0131 bulunan \u0130LET\u0130\u015e\u0130M FORMU \u00fczerinden sorabilirsiniz. Personel hareketlili\u011fi ile ilgili sorular\u0131n\u0131z\u0131 formdaki ilgili birimi se\u00e7erek ilgili personele y\u00f6neltebilirsiniz. Koordinat\u00f6rl\u00fc\u011f\u00fcm\u00fcz ile ileti\u015fim bu form arac\u0131l\u0131\u011f\u0131yla kurulmal\u0131d\u0131r. Koordinat\u00f6rl\u00fc\u011f\u00fcm\u00fcz\u00fcn e-posta adresine g\u00f6nderilen iletiler dikkate al\u0131nmayacakt\u0131r.<\/strong><br \/>\n<strong>Davet mektuplar\u0131n\u0131z\u0131 ve di\u011fer taranm\u0131\u015f belgeleri de yine bu form vas\u0131tas\u0131 ile ilgili personele g\u00f6nderebilirsiniz.<\/strong><\/h5>\n<\/div>\n<\/div>\n<div class=\"scu-legacy-row scu-legacy-vc-row-inner\">\n<div class=\"scu-legacy-col scu-col-1-2\"><a class=\"scu-btn \" href=\"https:\/\/erasmus.cumhuriyet.edu.tr\/erasmus\/outgoing\/staff\/docs\/declaration\/?mobility-type=KA131%20STT%20(Avrupa%20i%C3%A7i%20E%C4%9Fitim%20Alma%20Hareketlili%C4%9Fi)&amp;ktlm_durum=Kat%C4%B1laca%C4%9F%C4%B1m%C4%B1%20beyan%20ediyorum&amp;call-name=\" target=\"_blank\" rel=\"noopener\">KATILIM BEYANI i\u00e7in t\u0131klay\u0131n\u0131z<\/a><\/p>\n<div class=\"scu-spacer\" style=\"--scu-space:1px\" aria-hidden=\"true\"><\/div>\n<p><a class=\"scu-btn \" href=\"https:\/\/erasmus.cumhuriyet.edu.tr\/erasmus\/outgoing\/staff\/docs\/declaration\/?mobility-type=KA131%20STT%20(Avrupa%20i%C3%A7i%20E%C4%9Fitim%20Alma%20Hareketlili%C4%9Fi)&amp;ktlm_durum=Hakk%C4%B1mdan%20feragat%20ediyorum%20(kat%C4%B1lmayaca%C4%9F%C4%B1m)&amp;call-name=\" target=\"_blank\" rel=\"noopener\">FERAGAT D\u0130LEK\u00c7ES\u0130 i\u00e7in t\u0131klay\u0131n\u0131z<\/a><\/p>\n<div class=\"scu-spacer\" style=\"--scu-space:1px\" aria-hidden=\"true\"><\/div>\n<p><a class=\"scu-btn is-green\" href=\"\/erasmus\/outgoing\/staff\/docs\/\" target=\"_blank\" rel=\"noopener\">T\u00dcM D\u0130J\u0130TAL FORMLARa ula\u015fmak i\u00e7in t\u0131klay\u0131n\u0131z<\/a><\/div>\n<div class=\"scu-legacy-col scu-col-1-2\"><a class=\"scu-btn \" href=\"https:\/\/erasmus.cumhuriyet.edu.tr\/erasmus\/outgoing\/contact-form\/?ogr_per=PERSONEL&amp;ounit=KA131%20STA_STT%20-%20Avrupa%20i%C3%A7i%20Giden%20Personel%20Hareketlilikleri%20Birimi\" target=\"_blank\" rel=\"noopener\">\u0130LET\u0130\u015e\u0130M FORMU i\u00e7in t\u0131klay\u0131n\u0131z<\/a><\/p>\n<div class=\"scu-spacer\" style=\"--scu-space:1px\" aria-hidden=\"true\"><\/div>\n<p><a class=\"scu-btn is-warning\" href=\"https:\/\/erasmus.cumhuriyet.edu.tr\/erasmus\/outgoing\/petition\/?ogr_per=PERSONEL&amp;ounit=KA131 STA_STT - Avrupa i\u00e7i Giden Personel Hareketlilikleri Birimi\" target=\"_blank\" rel=\"noopener\">GENEL AMA\u00c7LI D\u0130LEK\u00c7E i\u00e7in t\u0131klay\u0131n\u0131z<\/a><\/div>\n<\/div>\n<div class=\"scu-richtext\"><strong>* Bu sayfadaki veri ile ilan metninin PDF s\u00fcr\u00fcm\u00fc aras\u0131nda bir uyu\u015fmazl\u0131k olmas\u0131 durumunda PDF s\u00fcr\u00fcm\u00fc esas al\u0131n\u0131r.<\/strong><\/div>\n<\/div>\n<\/div>\n<\/div>\n","protected":false},"excerpt":{"rendered":"<p>\u0130lan Bilgileri \u0130LAN B\u0130LG\u0130LER\u0130 \u0130LAN NO:\u00a02412 \u0130LAN BA\u015eLI\u011eI:\u00a0ERASMUS+ PERSONEL HAREKETL\u0130L\u0130\u011e\u0130 \u0130LANI EYLEM T\u00dcR\u00dc:\u00a0KA131 (AB \u00dcye \u00dclkeleri ve Programla \u0130li\u015fkili \u00dc\u00e7\u00fcnc\u00fc \u00dclkeler) PROJE T\u00dcR\u00dc:\u00a0TEK ve B\u0130RDEN FAZLA (KONSORS\u0130YUM) YARARLANICILI PROJELER PROJE YILI:\u00a02024 YILI PROJE NO:\u00a02024-1-TR01-KA131-HED-000208641, 2024-1-TR01-KA131-HED-000208600,\u00a02024-1-TR01-KA131-HED-000223204, 2024-1-TR01-KA131-HED-000200375,\u00a02024-1-TR01-KA131-HED-000222996 \u0130LAN TAR\u0130H\u0130:\u00a030.12.2024 \u0130lgili ilana ula\u015fmak i\u00e7in t\u0131klay\u0131n DE\u011eERLEND\u0130RME SONU\u00c7LARI 30.12.2024 tarihli Erasmus+ Personel Hareketlili\u011fi (2024 KA131) ilan\u0131n\u0131n de\u011ferlendirme sonu\u00e7lar\u0131na [&hellip;]<\/p>\n","protected":false},"author":1,"featured_media":0,"comment_status":"closed","ping_status":"open","sticky":false,"template":"","format":"standard","meta":{"advanced_seo_description":"","jetpack_seo_html_title":"","jetpack_seo_noindex":false,"jetpack_seo_schema_type":"","_jetpack_newsletter_access":"","_jetpack_dont_email_post_to_subs":false,"_jetpack_newsletter_tier_id":0,"_jetpack_memberships_contains_paywalled_content":false,"_jetpack_feature_clip_id":0,"_jetpack_memberships_contains_paid_content":false,"footnotes":"","jetpack_post_was_ever_published":false},"categories":[41,43,40,44,47,57],"tags":[],"class_list":["post-5271","post","type-post","status-publish","format-standard","hentry","category-erasmus","category-out","category-calls","category-ka131_out","category-ka131_out_sta","category-ka131_out_sta_res"],"blocksy_meta":{"styles_descriptor":{"styles":{"desktop":"","tablet":"","mobile":""},"google_fonts":[],"version":7}},"jetpack_sharing_enabled":true,"jetpack_shortlink":"https:\/\/wp.me\/pfKvKT-1n1","jetpack_featured_media_url":"","_links":{"self":[{"href":"https:\/\/erasmus.cumhuriyet.edu.tr\/en\/wp-json\/wp\/v2\/posts\/5271","targetHints":{"allow":["GET"]}}],"collection":[{"href":"https:\/\/erasmus.cumhuriyet.edu.tr\/en\/wp-json\/wp\/v2\/posts"}],"about":[{"href":"https:\/\/erasmus.cumhuriyet.edu.tr\/en\/wp-json\/wp\/v2\/types\/post"}],"author":[{"embeddable":true,"href":"https:\/\/erasmus.cumhuriyet.edu.tr\/en\/wp-json\/wp\/v2\/users\/1"}],"replies":[{"embeddable":true,"href":"https:\/\/erasmus.cumhuriyet.edu.tr\/en\/wp-json\/wp\/v2\/comments?post=5271"}],"version-history":[{"count":1,"href":"https:\/\/erasmus.cumhuriyet.edu.tr\/en\/wp-json\/wp\/v2\/posts\/5271\/revisions"}],"predecessor-version":[{"id":5272,"href":"https:\/\/erasmus.cumhuriyet.edu.tr\/en\/wp-json\/wp\/v2\/posts\/5271\/revisions\/5272"}],"wp:attachment":[{"href":"https:\/\/erasmus.cumhuriyet.edu.tr\/en\/wp-json\/wp\/v2\/media?parent=5271"}],"wp:term":[{"taxonomy":"category","embeddable":true,"href":"https:\/\/erasmus.cumhuriyet.edu.tr\/en\/wp-json\/wp\/v2\/categories?post=5271"},{"taxonomy":"post_tag","embeddable":true,"href":"https:\/\/erasmus.cumhuriyet.edu.tr\/en\/wp-json\/wp\/v2\/tags?post=5271"}],"curies":[{"name":"wp","href":"https:\/\/api.w.org\/{rel}","templated":true}]}}