{"id":5202,"date":"2025-03-17T08:00:00","date_gmt":"2025-03-17T05:00:00","guid":{"rendered":"https:\/\/erasmus.cumhuriyet.edu.tr\/?p=5202"},"modified":"2025-03-18T20:40:33","modified_gmt":"2025-03-18T17:40:33","slug":"erasmus-ogrenci-ogrenim-ve-staj-hareketliligi-ilanindan-hak-kazanan-ogrencilere-yonelik-oryantasyon-toplantisi-2024-2025-ka131-2024-ka171-ilan-no-2410-2411-2407-2408","status":"publish","type":"post","link":"https:\/\/erasmus.cumhuriyet.edu.tr\/en\/erasmus-ogrenci-ogrenim-ve-staj-hareketliligi-ilanindan-hak-kazanan-ogrencilere-yonelik-oryantasyon-toplantisi-2024-2025-ka131-2024-ka171-ilan-no-2410-2411-2407-2408\/","title":{"rendered":"Erasmus+ \u00d6\u011frenci \u00d6\u011frenim ve Staj Hareketlili\u011fi \u0130lan\u0131ndan Hak Kazanan \u00d6\u011frencilere Y\u00f6nelik Oryantasyon Toplant\u0131s\u0131 (2024, 2025 KA131 &amp; 2024 KA171) [\u0130lan No: 2410, 2411, 2407, 2408]"},"content":{"rendered":"\n<p>16.09.2024 ve 02.12.2024 tarihlerinde yay\u0131mlanan <a href=\"https:\/\/erasmus.cumhuriyet.edu.tr\/2407-smp-uluslararasi-hareketlilik-ilani-24-25-ka131-im\/\">Erasmus+ \u00d6\u011frenci Staj Hareketlili\u011fi \u0130lan\u0131 (Kabul Mektubu \u015eartl\u0131 Uluslararas\u0131 Hareketlilik) (2024, 2025 KA131 IM) [\u0130lan No: 2407]<\/a>, <a href=\"https:\/\/erasmus.cumhuriyet.edu.tr\/2408-smp-kabul-sartli-ilan-24-ka171\/\">Erasmus+ \u00d6\u011frenci Staj Hareketlili\u011fi \u0130lan\u0131 (Kabul Mektubu \u015eartl\u0131 Avrupa D\u0131\u015f\u0131 \u00dclkeler) (2024 KA171) [\u0130lan No: 2408]<\/a>, <a href=\"https:\/\/erasmus.cumhuriyet.edu.tr\/2410-std-ilani-24-25-ka131\/\">Erasmus+ \u00d6\u011frenci Hareketlili\u011fi \u0130lan\u0131 (2024, 2025 KA131) [\u0130lan No: 2410]<\/a> ve <a href=\"https:\/\/erasmus.cumhuriyet.edu.tr\/2411-std-ilani-24-ka171\/\">Erasmus+ \u00d6\u011frenci Hareketlili\u011fi \u0130lan\u0131 (2024 KA171) [\u0130lan No: 2411]<\/a> ba\u015fl\u0131 ilanlardan hak kazanan \u00f6\u011frencilere y\u00f6nelik oryantasyon toplant\u0131s\u0131 yap\u0131lacakt\u0131r. Toplant\u0131ya kat\u0131l\u0131m zorunludur. Toplant\u0131ya kat\u0131lmayanlar hakk\u0131nda ilgili mevzuat uyar\u0131nca yapt\u0131r\u0131m uygulan\u0131r.<\/p>\n\n\n\n<p><strong><span style=\"text-decoration: underline;\">Toplant\u0131 Bilgileri:<\/span><\/strong><\/p>\n\n\n\n<p>Toplant\u0131 Yeri: <strong>100. Y\u0131l (Eski) K\u00fclt\u00fcr Merkezi \u00dcst Kat Vehbi Cem A\u015fkun Salonu<\/strong><\/p>\n\n\n\n<p>Toplant\u0131 Zaman\u0131: <strong>20.03.2025 13.30<\/strong><\/p>\n\n\n\n<p>Toplant\u0131 Kat\u0131l\u0131m Durumu Formu: <a href=\"https:\/\/erasmus.cumhuriyet.edu.tr\/2025-std-toplanti-katilim\" target=\"_blank\" rel=\"noreferrer noopener\"><strong>https:\/\/erasmus.cumhuriyet.edu.tr\/2025-std-toplanti-katilim<\/strong><\/a><\/p>\n\n\n\n<p><strong><span style=\"text-decoration: underline;\">Not: Kat\u0131l\u0131m Durumu Formununun 19.03.2025 16.30&#8217;a kadar doldurulmas\u0131 gerekmektedir.<\/span><\/strong><\/p>\n\n\n\n<p><\/p>\n","protected":false},"excerpt":{"rendered":"<p>16.09.2024 ve 02.12.2024 tarihlerinde yay\u0131mlanan Erasmus+ \u00d6\u011frenci Staj Hareketlili\u011fi \u0130lan\u0131 (Kabul Mektubu \u015eartl\u0131 Uluslararas\u0131 Hareketlilik) (2024, 2025 KA131 IM) [\u0130lan No: 2407], Erasmus+ \u00d6\u011frenci Staj Hareketlili\u011fi \u0130lan\u0131 (Kabul Mektubu \u015eartl\u0131 Avrupa D\u0131\u015f\u0131 \u00dclkeler) (2024 KA171) [\u0130lan No: 2408], Erasmus+ \u00d6\u011frenci Hareketlili\u011fi \u0130lan\u0131 (2024, 2025 KA131) [\u0130lan No: 2410] ve Erasmus+ \u00d6\u011frenci Hareketlili\u011fi \u0130lan\u0131 (2024 KA171) [&hellip;]<\/p>\n","protected":false},"author":1,"featured_media":0,"comment_status":"closed","ping_status":"open","sticky":false,"template":"","format":"standard","meta":{"_gspb_post_css":"","footnotes":""},"categories":[39,86],"tags":[],"class_list":["post-5202","post","type-post","status-publish","format-standard","hentry","category-announcements","category-student-announcements"],"blocksy_meta":[],"_links":{"self":[{"href":"https:\/\/erasmus.cumhuriyet.edu.tr\/en\/wp-json\/wp\/v2\/posts\/5202","targetHints":{"allow":["GET"]}}],"collection":[{"href":"https:\/\/erasmus.cumhuriyet.edu.tr\/en\/wp-json\/wp\/v2\/posts"}],"about":[{"href":"https:\/\/erasmus.cumhuriyet.edu.tr\/en\/wp-json\/wp\/v2\/types\/post"}],"author":[{"embeddable":true,"href":"https:\/\/erasmus.cumhuriyet.edu.tr\/en\/wp-json\/wp\/v2\/users\/1"}],"replies":[{"embeddable":true,"href":"https:\/\/erasmus.cumhuriyet.edu.tr\/en\/wp-json\/wp\/v2\/comments?post=5202"}],"version-history":[{"count":2,"href":"https:\/\/erasmus.cumhuriyet.edu.tr\/en\/wp-json\/wp\/v2\/posts\/5202\/revisions"}],"predecessor-version":[{"id":5213,"href":"https:\/\/erasmus.cumhuriyet.edu.tr\/en\/wp-json\/wp\/v2\/posts\/5202\/revisions\/5213"}],"wp:attachment":[{"href":"https:\/\/erasmus.cumhuriyet.edu.tr\/en\/wp-json\/wp\/v2\/media?parent=5202"}],"wp:term":[{"taxonomy":"category","embeddable":true,"href":"https:\/\/erasmus.cumhuriyet.edu.tr\/en\/wp-json\/wp\/v2\/categories?post=5202"},{"taxonomy":"post_tag","embeddable":true,"href":"https:\/\/erasmus.cumhuriyet.edu.tr\/en\/wp-json\/wp\/v2\/tags?post=5202"}],"curies":[{"name":"wp","href":"https:\/\/api.w.org\/{rel}","templated":true}]}}