{"id":4560,"date":"2025-01-13T00:00:36","date_gmt":"2025-01-12T21:00:36","guid":{"rendered":"https:\/\/erasmus.cumhuriyet.edu.tr\/?p=4560"},"modified":"2025-03-13T00:34:16","modified_gmt":"2025-03-12T21:34:16","slug":"2025-erasmus-ogrenci-basvurulari-basladi","status":"publish","type":"post","link":"https:\/\/erasmus.cumhuriyet.edu.tr\/en\/2025-erasmus-ogrenci-basvurulari-basladi\/","title":{"rendered":"2025 Y\u0131l\u0131 Erasmus+ \u00d6\u011frenci Hareketlili\u011fi \u0130lanlar\u0131 Ba\u015fvurular\u0131 Ba\u015flad\u0131"},"content":{"rendered":"<p>[vc_row][vc_column][vc_column_text]<\/p>\n<h4 align=\"justify\"><strong>Genel Bilgiler<\/strong><\/h4>\n<p align=\"justify\">2025 y\u0131l\u0131 Erasmus+ \u00d6\u011frenci \u00d6\u011frenim ve Staj Hareketlilikleri ba\u015fvurular\u0131 ba\u015flam\u0131\u015ft\u0131r. Ba\u015fvurular T\u00fcrkiye Ulusal Ajans\u0131 taraf\u0131ndan i\u015fletilen TURNAPortal \u00fczerinden Dijital T\u00fcrkiye Portali (e-Devlet) \u015fifresi ile giri\u015f yap\u0131larak al\u0131nmaktad\u0131r. TURNAPortalde toplam 6 adet ilan bulundu\u011fundan ba\u015fvuru yap\u0131lacak ilan\u0131n kar\u0131\u015ft\u0131r\u0131lmamas\u0131 gerekmektedir. Ba\u015fvuru yapmadan \u00f6nce Koordinat\u00f6rl\u00fc\u011f\u00fcn a\u011f sitesinde bulunan ilgili ilan\u0131n sayfas\u0131nda yer alan a\u00e7\u0131klamalar\u0131 ve ilan metnini ayr\u0131nt\u0131l\u0131 bir \u015fekilde inceleyiniz. Herhangi bir hak kayb\u0131na u\u011framamak ad\u0131na ilan metinlerinin incelenmesi gerekmektedir. Ba\u015fvurular ile ilgili \u00f6nemli baz\u0131 bilgiler ve ilanlarla ilgili a\u00e7\u0131klamalar a\u015fa\u011f\u0131da verilmi\u015ftir.<\/p>\n<h4 align=\"justify\"><strong>Yabanc\u0131 Dil S\u0131nav\u0131<\/strong><\/h4>\n<p align=\"justify\">Erasmus+ Yabanc\u0131 Dil S\u0131nav\u0131 iki a\u015famadan olu\u015fmaktad\u0131r: 1. a\u015fama yaz\u0131l\u0131, 2. a\u015fama s\u00f6zl\u00fc s\u0131nav. S\u0131navlar ile ilgili duyurular daha sonra ilan edilecektir.<\/p>\n<p style=\"color: blue;\" align=\"justify\"><strong>Yabanc\u0131 dil s\u0131nav\u0131na girmek isteyen adaylar\u0131n ba\u015fvuru yaparken &#8220;<span style=\"text-decoration: underline;\">\u00dcniversite Yabanc\u0131 Dil S\u0131nav\u0131na Girmek \u0130stiyorum<\/span>&#8221; se\u00e7ene\u011fini i\u015faretleyip &#8220;<span style=\"text-decoration: underline;\">\u00dcniversitenizin yapt\u0131\u011f\u0131 hangi yabanc\u0131 dil s\u0131nav\u0131na girmek istiyorsunuz?<\/span>&#8221; sorusunda girmek istedi\u011fi yabanc\u0131 dili se\u00e7melidir. Her iki sorunun da cevaplanmas\u0131 gerekmektedir. S\u0131nava girmek istedi\u011fini beyan edip hangi dilden s\u0131nava girece\u011fini se\u00e7meyen adaylar\u0131n s\u0131nav ba\u015fvurular\u0131 dikkate al\u0131nmayacakt\u0131r.\u00a0<\/strong><\/p>\n<p style=\"color: red;\" align=\"justify\"><strong>22.02.2025 ve 28.02.2025 tarihlerinde ger\u00e7ekle\u015ftirilecek olan Erasmus+ Yabanc\u0131 Dil S\u0131nav\u0131na ba\u015fvuru ve kat\u0131l\u0131m \u00fccretsizdir ancak ba\u015fvuru sonras\u0131 herhangi bir nedenden dolay\u0131 s\u0131nava girmeyecek olan aday\u0131n 19.02.2025 \u00c7ar\u015famba 16.00\u2019a kadar s\u0131nava kat\u0131lmayaca\u011f\u0131n\u0131\u00a0<a href=\"https:\/\/forms.office.com\/r\/A8dAkDBVEi\" target=\"_blank\" rel=\"noopener\">Erasmus+ Yabanc\u0131 Dil S\u0131nav\u0131 Feragat Formu<\/a>\u00a0\u00fczerinden beyan etmedi\u011fi ve s\u0131nav\u0131n herhangi bir a\u015famas\u0131na kat\u0131l\u0131m sa\u011flamad\u0131\u011f\u0131 takdirde adaya, 19\/10\/2006 tarihli ve 26324 say\u0131l\u0131 Resm\u00ee Gazete\u2019de yay\u0131mlanan Kamu Zararlar\u0131n\u0131n Tahsiline \u0130li\u015fkin Usul ve Esaslar Hakk\u0131nda Y\u00f6netmelik \u00e7er\u00e7evesinde s\u0131nav uygulama maliyeti olarak\u00a0<u>\u20ba750,00<\/u>\u00a0tahakkuk ettirilecek ve ilgili mevzuat uyar\u0131nca yapt\u0131r\u0131m uygulanacakt\u0131r. Bu durumda \u00fccretin ba\u015fvurandan tahsili i\u00e7in yasal s\u00fcre\u00e7 ba\u015flat\u0131lacakt\u0131r.<\/strong><\/p>\n<table style=\"border: 1px solid;\" width=\"496\">\n<tbody style=\"border: 1px solid;\">\n<tr style=\"border: 1px solid;\">\n<td style=\"border: 1px solid;\" width=\"64\"><strong>S\u0131nav<\/strong><\/td>\n<td style=\"border: 1px solid;\" width=\"103\"><strong>Uygulanma \u015eekli<\/strong><\/td>\n<td style=\"border: 1px solid;\" width=\"64\"><strong>Yer<\/strong><\/td>\n<td style=\"border: 1px solid;\" width=\"73\"><strong>Tarih<\/strong><\/td>\n<td style=\"border: 1px solid;\" width=\"64\"><strong>Saat<\/strong><\/td>\n<td style=\"border: 1px solid;\" width=\"64\"><strong>S\u00fcre<\/strong><\/td>\n<td style=\"border: 1px solid;\" width=\"64\"><strong>A\u00e7\u0131klama<\/strong><\/td>\n<\/tr>\n<tr style=\"border: 1px solid;\">\n<td style=\"border: 1px solid;\"><strong>Yaz\u0131l\u0131<\/strong><\/td>\n<td style=\"border: 1px solid;\">Y\u00fcz y\u00fcze<\/td>\n<td style=\"border: 1px solid;\" align=\"justify\">S\u0131nav Giri\u015f Belgesinde belirtilecektir<\/td>\n<td style=\"border: 1px solid;\">22.02.2025<\/td>\n<td style=\"border: 1px solid;\">10:15<\/td>\n<td style=\"border: 1px solid;\">105 dk<\/td>\n<td style=\"border: 1px solid;\" align=\"justify\">S\u0131nav binas\u0131na giri\u015fler saat 10.00&#8217;da kapat\u0131lacakt\u0131r. S\u0131nav 10.15&#8217;te ba\u015flay\u0131p 12.00&#8217;da sona erecektir. S\u0131nav salonundan ilk 30dk \u00e7\u0131kmak yasakt\u0131r. S\u0131nav binas\u0131na herhangi bir elektronik cihaz (telefon dahil) getirilmesi yasakt\u0131r.<\/td>\n<\/tr>\n<tr style=\"border: 1px solid;\">\n<td style=\"border: 1px solid;\"><strong>S\u00f6zl\u00fc<\/strong><\/td>\n<td style=\"border: 1px solid;\">\u00c7evrim i\u00e7i (online)<\/td>\n<td style=\"border: 1px solid;\">Microsoft Teams<\/td>\n<td style=\"border: 1px solid;\">28.02.2025<\/td>\n<td style=\"border: 1px solid;\" align=\"justify\">S\u00f6zl\u00fc s\u0131nav\u0131na girmeye hak kazananlar ilan edildikten sonra a\u00e7\u0131klanacakt\u0131r<\/td>\n<td style=\"border: 1px solid;\">~5dk\/\u00f6\u011frenci<\/td>\n<td style=\"border: 1px solid;\" align=\"justify\">S\u00f6zl\u00fc s\u0131nav\u0131na girmeyen adaylar\u0131n Erasmus+ Yabanc\u0131 Dil Puan\u0131 hesaplanmayacak, ba\u015fvurular\u0131 ge\u00e7ersiz say\u0131lacakt\u0131r.<\/td>\n<\/tr>\n<\/tbody>\n<\/table>\n<div>\n<h4 align=\"justify\"><\/h4>\n<p>&nbsp;<\/p>\n<\/div>\n<div>\n<h4 align=\"justify\"><strong>2410_2 Nolu Staj \u0130lan\u0131 Hk. \u00d6nemli Bilgilendirme<\/strong><\/h4>\n<p style=\"color: red;\" align=\"justify\"><span style=\"color: red;\"><b>Ba\u015fvuru yaparken tercih beyan\u0131 al\u0131nmayacakt\u0131r. &#8220;<span style=\"text-decoration: underline;\">Ba\u015fvuru sonras\u0131 tercih beyan\u0131nda bulunaca\u011f\u0131m.<\/span>&#8221; se\u00e7ene\u011finin i\u015faretlenmesi gerekmektedir.<\/b><\/span><\/p>\n<h4 align=\"justify\"><\/h4>\n<p>&nbsp;<\/p>\n<\/div>\n<h4 align=\"justify\"><strong>\u0130lanlar<\/strong><\/h4>\n<table style=\"border: 1px solid;\" width=\"1902\">\n<tbody style=\"border: 1px solid;\">\n<tr style=\"border: 1px solid;\">\n<td style=\"border: 1px solid;\" width=\"87\"><strong>#<\/strong><\/td>\n<td style=\"border: 1px solid;\" width=\"87\"><strong>\u0130lan No<\/strong><\/td>\n<td style=\"border: 1px solid;\" width=\"859\"><strong>\u0130lan Ad\u0131<\/strong><\/td>\n<td style=\"border: 1px solid;\" width=\"79\"><strong>Proje T\u00fcr\u00fc<\/strong><\/td>\n<td style=\"border: 1px solid;\" width=\"87\"><strong>Hareketlilik T\u00fcr\u00fc<\/strong><\/td>\n<td style=\"border: 1px solid;\" width=\"197\"><strong>A\u00e7\u0131klama<\/strong><\/td>\n<td style=\"border: 1px solid;\" width=\"87\"><strong>Davet Yaz\u0131s\u0131 Zorunlu mu?<\/strong><\/td>\n<td style=\"border: 1px solid;\" width=\"245\"><strong>Kimler Ba\u015fvurabilir?<\/strong><\/td>\n<td style=\"border: 1px solid;\" width=\"87\"><strong>\u0130lan Sayfas\u0131<\/strong><\/td>\n<\/tr>\n<tr style=\"border: 1px solid;\">\n<td style=\"border: 1px solid;\"><strong>1<\/strong><\/td>\n<td style=\"border: 1px solid;\">2410_1<\/td>\n<td style=\"border: 1px solid;\">Sc\u00fc Erasmus+ \u00d6\u011frenci \u00d6\u011frenim Hareketlili\u011fi \u0130lan\u0131 (Avrupa I\u00e7i) (2024, 2025 Ka131) (\u0130lan No: 2410_1)<\/td>\n<td style=\"border: 1px solid;\">Avrupa i\u00e7i<\/td>\n<td style=\"border: 1px solid;\">\u00d6\u011frenim (1 akademik d\u00f6nemi yurt d\u0131\u015f\u0131nda okuma)<\/td>\n<td style=\"border: 1px solid;\">Ana ilan. AB \u00fclkelerine y\u00f6nelik<\/td>\n<td style=\"border: 1px solid;\">Hay\u0131r<\/td>\n<td style=\"border: 1px solid;\">Sadece lisans \u00f6\u011frencileri<\/td>\n<td style=\"border: 1px solid;\"><a href=\"https:\/\/erasmus.cumhuriyet.edu.tr\/2410-std-ilani-24-25-ka131\/\" target=\"_blank\" rel=\"noopener\">T\u0131klay\u0131n\u0131z<\/a><\/td>\n<\/tr>\n<tr style=\"border: 1px solid;\">\n<td style=\"border: 1px solid;\"><strong>2<\/strong><\/td>\n<td style=\"border: 1px solid;\">2410_2<\/td>\n<td style=\"border: 1px solid;\">Sc\u00fc Erasmus+ \u00d6\u011frenci Staj Hareketlili\u011fi \u0130lan\u0131 (Avrupa I\u00e7i) (2024, 2025 Ka131) (\u0130lan No: 2410_2)<\/td>\n<td style=\"border: 1px solid;\">Avrupa i\u00e7i<\/td>\n<td style=\"border: 1px solid;\">Staj (Ders al\u0131namaz. B\u00f6l\u00fcmde staj zorunlulu\u011fu yok, herkes yapabilir)<\/td>\n<td style=\"border: 1px solid;\">Ana ilan. AB \u00fclkelerine y\u00f6nelik<\/td>\n<td style=\"border: 1px solid;\">Hay\u0131r<\/td>\n<td style=\"border: 1px solid;\">T\u00fcm \u00f6\u011frenciler (TUS\/DUS\/EUS hari\u00e7*)<\/td>\n<td style=\"border: 1px solid;\"><a href=\"https:\/\/erasmus.cumhuriyet.edu.tr\/2410-std-ilani-24-25-ka131\/\" target=\"_blank\" rel=\"noopener\">T\u0131klay\u0131n\u0131z<\/a><\/td>\n<\/tr>\n<tr style=\"border: 1px solid;\">\n<td style=\"border: 1px solid;\"><strong>3<\/strong><\/td>\n<td style=\"border: 1px solid;\">2411_1<\/td>\n<td style=\"border: 1px solid;\">Sc\u00fc Erasmus+ \u00d6\u011frenci \u00d6\u011frenim Hareketlili\u011fi \u0130lan\u0131 (Avrupa D\u0131\u015f\u0131) (2024 Ka171) (\u0130lan No: 2411_1)<\/td>\n<td style=\"border: 1px solid;\">Avrupa d\u0131\u015f\u0131<\/td>\n<td style=\"border: 1px solid;\">\u00d6\u011frenim (1 akademik d\u00f6nemi yurt d\u0131\u015f\u0131nda okuma)<\/td>\n<td style=\"border: 1px solid;\">Rusya. M\u00fctercim-Terc\u00fcmanl\u0131k B\u00f6l\u00fcm\u00fcne y\u00f6nelik<\/td>\n<td style=\"border: 1px solid;\">Hay\u0131r<\/td>\n<td style=\"border: 1px solid;\">Sadece M\u00fctercim-Terc\u00fcmanl\u0131k B\u00f6l\u00fcm\u00fc lisans \u00f6\u011frencileri<\/td>\n<td style=\"border: 1px solid;\"><a href=\"https:\/\/erasmus.cumhuriyet.edu.tr\/2411-std-ilani-24-ka171\/\" target=\"_blank\" rel=\"noopener\">T\u0131klay\u0131n\u0131z<\/a><\/td>\n<\/tr>\n<tr>\n<td style=\"border: 1px solid;\"><strong>4<\/strong><\/td>\n<td style=\"border: 1px solid;\">2411_2<\/td>\n<td style=\"border: 1px solid;\">Sc\u00fc Erasmus+ \u00d6\u011frenci Staj Hareketlili\u011fi \u0130lan\u0131 (Avrupa D\u0131\u015f\u0131) (2024 Ka171) (\u0130lan No: 2411_2)<\/td>\n<td style=\"border: 1px solid;\">Avrupa d\u0131\u015f\u0131<\/td>\n<td style=\"border: 1px solid;\">Staj (Ders al\u0131namaz. B\u00f6l\u00fcmde staj zorunlulu\u011fu yok, herkes yapabilir)<\/td>\n<td style=\"border: 1px solid;\">Karada\u011f&#8217;da staj imkan\u0131<\/td>\n<td style=\"border: 1px solid;\">Hay\u0131r<\/td>\n<td style=\"border: 1px solid;\">T\u00fcm \u00f6\u011frenciler (TUS\/DUS\/EUS hari\u00e7*)<\/td>\n<td style=\"border: 1px solid;\"><a href=\"https:\/\/erasmus.cumhuriyet.edu.tr\/2411-std-ilani-24-ka171\/\" target=\"_blank\" rel=\"noopener\">T\u0131klay\u0131n\u0131z<\/a><\/td>\n<\/tr>\n<tr>\n<td style=\"border: 1px solid;\"><strong>5<\/strong><\/td>\n<td style=\"border: 1px solid;\">2407<\/td>\n<td style=\"border: 1px solid;\">Sc\u00fc Erasmus+ \u00d6\u011frenci Staj Hareketlili\u011fi \u0130lan\u0131 (Kabul Mektubu \u015eartl\u0131 Uluslararas\u0131 Hareketlilik) (2024, 2025 Ka131 Im) (\u0130lan No: 2407)<\/td>\n<td style=\"border: 1px solid;\">Avrupa d\u0131\u015f\u0131<\/td>\n<td style=\"border: 1px solid;\">Staj (Ders al\u0131namaz. B\u00f6l\u00fcmde staj zorunlulu\u011fu yok, herkes yapabilir)<\/td>\n<td style=\"border: 1px solid;\">Birle\u015fik Krall\u0131k, \u0130svi\u00e7re, Singapur&#8217;da staj imkann\u0131<\/td>\n<td style=\"border: 1px solid;\">Evet<\/td>\n<td style=\"border: 1px solid;\">T\u00fcm \u00f6\u011frenciler (TUS\/DUS\/EUS hari\u00e7*)<\/td>\n<td style=\"border: 1px solid;\"><a href=\"https:\/\/erasmus.cumhuriyet.edu.tr\/2407-smp-uluslararasi-hareketlilik-ilani-24-25-ka131-im\/\" target=\"_blank\" rel=\"noopener\">T\u0131klay\u0131n\u0131z<\/a><\/td>\n<\/tr>\n<tr>\n<td style=\"border: 1px solid;\"><strong>6<\/strong><\/td>\n<td style=\"border: 1px solid;\">2408<\/td>\n<td style=\"border: 1px solid;\">Sc\u00fc Erasmus+ \u00d6\u011frenci Staj Hareketlili\u011fi \u0130lan\u0131 (Kabul Mektubu \u015eartl\u0131 Avrupa D\u0131\u015f\u0131 \u00dclkeler) (2024 Ka171) (\u0130lan No: 2408)<\/td>\n<td style=\"border: 1px solid;\">Avrupa d\u0131\u015f\u0131<\/td>\n<td style=\"border: 1px solid;\">Staj (Ders al\u0131namaz. B\u00f6l\u00fcmde staj zorunlulu\u011fu yok, herkes yapabilir)<\/td>\n<td style=\"border: 1px solid;\">G\u00fcney Kore, Japonya, Avustralya, Kanada&#8217;da staj imkan\u0131<\/td>\n<td style=\"border: 1px solid;\">Evet<\/td>\n<td style=\"border: 1px solid;\">T\u00fcm \u00f6\u011frenciler (TUS\/DUS\/EUS hari\u00e7*)<\/td>\n<td style=\"border: 1px solid;\"><a href=\"https:\/\/erasmus.cumhuriyet.edu.tr\/2408-smp-kabul-sartli-ilan-24-ka171\/\" target=\"_blank\" rel=\"noopener\">T\u0131klay\u0131n\u0131z<\/a><\/td>\n<\/tr>\n<\/tbody>\n<\/table>\n<p align=\"justify\"><strong>* Bu \u00f6\u011frencilere 2405_2 numaral\u0131 ilandan kontenjan verildi\u011finden bu ilanda kontenjan verilmemi\u015ftir.<\/strong><\/p>\n<p align=\"justify\"><span style=\"text-decoration: underline;\"><strong>Not: \u0130landa belirtilen birim bazl\u0131 hibe kontenjan\u0131 ile Erasmus+ Kurumlar aras\u0131 Anla\u015fmalar\u0131n kontenj\u0131 birbirinden farkl\u0131 kavramlard\u0131r. Anla\u015fma kontenjan\u0131 ile hibe kontenjan\u0131 e\u015fit olmayabilir. Bu durumda hibe kontenjan\u0131na g\u00f6re yerle\u015ftirme i\u015flemi yap\u0131l\u0131r.<\/strong><\/span><\/p>\n<p align=\"justify\"><strong>TURNAPortalde ilanlar a\u015fa\u011f\u0131daki gibi g\u00f6r\u00fcnmektedir:<\/strong><\/p>\n<p><img loading=\"lazy\" decoding=\"async\" class=\"aligncenter wp-image-4562 size-full\" src=\"https:\/\/erasmus.cumhuriyet.edu.tr\/wp-content\/uploads\/2025_erasmus_sm_turnaportal_list.webp\" alt=\"\" width=\"1978\" height=\"1118\" srcset=\"https:\/\/erasmus.cumhuriyet.edu.tr\/wp-content\/uploads\/2025_erasmus_sm_turnaportal_list.webp 1978w, https:\/\/erasmus.cumhuriyet.edu.tr\/wp-content\/uploads\/2025_erasmus_sm_turnaportal_list-300x170.webp 300w, https:\/\/erasmus.cumhuriyet.edu.tr\/wp-content\/uploads\/2025_erasmus_sm_turnaportal_list-1024x579.webp 1024w, https:\/\/erasmus.cumhuriyet.edu.tr\/wp-content\/uploads\/2025_erasmus_sm_turnaportal_list-768x434.webp 768w, https:\/\/erasmus.cumhuriyet.edu.tr\/wp-content\/uploads\/2025_erasmus_sm_turnaportal_list-1536x868.webp 1536w, https:\/\/erasmus.cumhuriyet.edu.tr\/wp-content\/uploads\/2025_erasmus_sm_turnaportal_list-18x10.webp 18w\" sizes=\"auto, (max-width: 1978px) 100vw, 1978px\" \/>[\/vc_column_text][\/vc_column][\/vc_row]<\/p>\n","protected":false},"excerpt":{"rendered":"<p>[vc_row][vc_column][vc_column_text] Genel Bilgiler 2025 y\u0131l\u0131 Erasmus+ \u00d6\u011frenci \u00d6\u011frenim ve Staj Hareketlilikleri ba\u015fvurular\u0131 ba\u015flam\u0131\u015ft\u0131r. Ba\u015fvurular T\u00fcrkiye Ulusal Ajans\u0131 taraf\u0131ndan i\u015fletilen TURNAPortal \u00fczerinden Dijital T\u00fcrkiye Portali (e-Devlet) \u015fifresi ile giri\u015f yap\u0131larak al\u0131nmaktad\u0131r. TURNAPortalde toplam 6 adet ilan bulundu\u011fundan ba\u015fvuru yap\u0131lacak ilan\u0131n kar\u0131\u015ft\u0131r\u0131lmamas\u0131 gerekmektedir. Ba\u015fvuru yapmadan \u00f6nce Koordinat\u00f6rl\u00fc\u011f\u00fcn a\u011f sitesinde bulunan ilgili ilan\u0131n sayfas\u0131nda yer alan a\u00e7\u0131klamalar\u0131 ve [&hellip;]<\/p>\n","protected":false},"author":1,"featured_media":0,"comment_status":"closed","ping_status":"open","sticky":false,"template":"","format":"standard","meta":{"_gspb_post_css":"","footnotes":""},"categories":[86],"tags":[],"class_list":["post-4560","post","type-post","status-publish","format-standard","hentry","category-student-announcements"],"blocksy_meta":[],"_links":{"self":[{"href":"https:\/\/erasmus.cumhuriyet.edu.tr\/en\/wp-json\/wp\/v2\/posts\/4560","targetHints":{"allow":["GET"]}}],"collection":[{"href":"https:\/\/erasmus.cumhuriyet.edu.tr\/en\/wp-json\/wp\/v2\/posts"}],"about":[{"href":"https:\/\/erasmus.cumhuriyet.edu.tr\/en\/wp-json\/wp\/v2\/types\/post"}],"author":[{"embeddable":true,"href":"https:\/\/erasmus.cumhuriyet.edu.tr\/en\/wp-json\/wp\/v2\/users\/1"}],"replies":[{"embeddable":true,"href":"https:\/\/erasmus.cumhuriyet.edu.tr\/en\/wp-json\/wp\/v2\/comments?post=4560"}],"version-history":[{"count":29,"href":"https:\/\/erasmus.cumhuriyet.edu.tr\/en\/wp-json\/wp\/v2\/posts\/4560\/revisions"}],"predecessor-version":[{"id":4601,"href":"https:\/\/erasmus.cumhuriyet.edu.tr\/en\/wp-json\/wp\/v2\/posts\/4560\/revisions\/4601"}],"wp:attachment":[{"href":"https:\/\/erasmus.cumhuriyet.edu.tr\/en\/wp-json\/wp\/v2\/media?parent=4560"}],"wp:term":[{"taxonomy":"category","embeddable":true,"href":"https:\/\/erasmus.cumhuriyet.edu.tr\/en\/wp-json\/wp\/v2\/categories?post=4560"},{"taxonomy":"post_tag","embeddable":true,"href":"https:\/\/erasmus.cumhuriyet.edu.tr\/en\/wp-json\/wp\/v2\/tags?post=4560"}],"curies":[{"name":"wp","href":"https:\/\/api.w.org\/{rel}","templated":true}]}}