{"id":3801,"date":"2024-03-16T16:44:40","date_gmt":"2024-03-16T13:44:40","guid":{"rendered":"https:\/\/erasmus.cumhuriyet.edu.tr\/?p=3801"},"modified":"2024-05-19T15:17:42","modified_gmt":"2024-05-19T12:17:42","slug":"erasmus-ogrenci-oryantasyon-toplantisi-ve-teams-kanali-duyurusu","status":"publish","type":"post","link":"https:\/\/erasmus.cumhuriyet.edu.tr\/en\/erasmus-ogrenci-oryantasyon-toplantisi-ve-teams-kanali-duyurusu\/","title":{"rendered":"Erasmus+ \u00d6\u011frenci Oryantasyon Toplant\u0131s\u0131 ve Teams Kanal\u0131 Duyurusu"},"content":{"rendered":"<p>[vc_row][vc_column][vc_column_text]04.12.2023 ve 11.01.2024 tarihli Erasmus+ \u00d6\u011frenci \u00d6\u011frenim Hareketlili\u011fi ile Erasmus+ Karma Yo\u011fun Program (BIP) ba\u015fl\u0131kl\u0131 ilanlara yap\u0131lan ba\u015fvurular sonras\u0131 hak kazanan ve kat\u0131l\u0131m beyan\u0131 veren \u00f6\u011frenciler Microsoft Teams kanal\u0131na eklenmi\u015ftir. Kurumsal e-posta adresi olmayan \u00f6\u011frencilerin e-posta adreslerini olu\u015fturup Koordinat\u00f6rl\u00fc\u011f\u00fcm\u00fcze iletmeleri gerekmektedir. \u0130lgili \u00f6\u011frencilere y\u00f6nelik her t\u00fcrl\u00fc duyuru ve g\u00fcncel bilgiler Teams kanallar\u0131ndan payla\u015f\u0131laca\u011f\u0131ndan \u00f6\u011frencilerin duyurular\u0131 ka\u00e7\u0131r\u0131p herhangi bir hak ma\u011fduriyetine u\u011framamas\u0131 ad\u0131na Teams kanal\u0131ndaki duyurular\u0131 takip etmeleri gerekmektedir.<\/p>\r\n\r\n<p>Yukar\u0131da bahsi ge\u00e7en \u00f6\u011frenciler i\u00e7in y\u00fcz y\u00fcze oryantasyon toplant\u0131s\u0131 d\u00fczenlenecektir. \u0130lgili \u00f6\u011frencilerin oryantasyon toplant\u0131s\u0131na kat\u0131lmalar\u0131 zorunludur. Toplant\u0131da \u00f6\u011frencilerin yapmas\u0131 gereken i\u015flemler hakk\u0131nda bilgi verilecektir. Toplant\u0131ya kat\u0131lmayan \u00f6\u011frencilere ilgili mevzuat uyar\u0131nca yapt\u0131r\u0131m uygulan\u0131r.<\/p>\r\n<p>[\/vc_column_text][vc_column_text]<\/p>\r\n<p><span style=\"text-decoration: underline;\"><strong>\u00d6\u011eRENC\u0130 \u00d6\u011eREN\u0130M VE STAJ HAREKETL\u0130L\u0130\u011e\u0130 ORYANTASYON TOPLANTISI<\/strong><\/span><\/p>\r\n<p>TAR\u0130H: <strong>22.03. 2024<\/strong><br \/>SAAT: <strong>13.30 <br \/><\/strong>YER: <strong>100. YIL (ESK\u0130) K\u00dcLT\u00dcR MERKEZ\u0130 (MERKEZ\u0130 AMF\u0130 KAR\u015eISI)<\/strong><br \/>SALON: <strong>KADI BURHANEDD\u0130N SALONU<\/strong><\/p>\r\n<p>[\/vc_column_text][vc_column_text]<\/p>\r\n<p><span style=\"text-decoration: underline;\"><strong>KARMA YO\u011eUN PROGRAM (BIP) KAPSAMINDA HAK KAZANAN HEM\u015e\u0130REL\u0130K B\u00d6L\u00dcM\u00dc \u00d6\u011eRENC\u0130LER\u0130<\/strong><\/span><\/p>\r\n<p>TAR\u0130H: <strong>21.03. 2024<\/strong><br \/>SAAT: <strong>13.30<br \/><\/strong>YER: <strong>ULUSLARARASI \u0130L\u0130\u015eK\u0130LER OF\u0130S\u0130 ERASMUS+ KURUM KOORD\u0130NAT\u00d6RL\u00dc\u011e\u00dc<\/strong><br \/>SALON: <strong>KONFERANS SALONU<\/strong><\/p>\r\n<p>[\/vc_column_text][\/vc_column][\/vc_row]<\/p>","protected":false},"excerpt":{"rendered":"<p>[vc_row][vc_column][vc_column_text]04.12.2023 ve 11.01.2024 tarihli Erasmus+ \u00d6\u011frenci \u00d6\u011frenim Hareketlili\u011fi ile Erasmus+ Karma Yo\u011fun Program (BIP) ba\u015fl\u0131kl\u0131 ilanlara yap\u0131lan ba\u015fvurular sonras\u0131 hak kazanan ve kat\u0131l\u0131m beyan\u0131 veren \u00f6\u011frenciler Microsoft Teams kanal\u0131na eklenmi\u015ftir. Kurumsal e-posta adresi olmayan \u00f6\u011frencilerin e-posta adreslerini olu\u015fturup Koordinat\u00f6rl\u00fc\u011f\u00fcm\u00fcze iletmeleri gerekmektedir. \u0130lgili \u00f6\u011frencilere y\u00f6nelik her t\u00fcrl\u00fc duyuru ve g\u00fcncel bilgiler Teams kanallar\u0131ndan payla\u015f\u0131laca\u011f\u0131ndan \u00f6\u011frencilerin duyurular\u0131 [&hellip;]<\/p>\n","protected":false},"author":1,"featured_media":0,"comment_status":"closed","ping_status":"open","sticky":false,"template":"","format":"standard","meta":{"_gspb_post_css":"","footnotes":""},"categories":[39,86],"tags":[],"class_list":["post-3801","post","type-post","status-publish","format-standard","hentry","category-announcements","category-student-announcements"],"blocksy_meta":[],"_links":{"self":[{"href":"https:\/\/erasmus.cumhuriyet.edu.tr\/en\/wp-json\/wp\/v2\/posts\/3801","targetHints":{"allow":["GET"]}}],"collection":[{"href":"https:\/\/erasmus.cumhuriyet.edu.tr\/en\/wp-json\/wp\/v2\/posts"}],"about":[{"href":"https:\/\/erasmus.cumhuriyet.edu.tr\/en\/wp-json\/wp\/v2\/types\/post"}],"author":[{"embeddable":true,"href":"https:\/\/erasmus.cumhuriyet.edu.tr\/en\/wp-json\/wp\/v2\/users\/1"}],"replies":[{"embeddable":true,"href":"https:\/\/erasmus.cumhuriyet.edu.tr\/en\/wp-json\/wp\/v2\/comments?post=3801"}],"version-history":[{"count":3,"href":"https:\/\/erasmus.cumhuriyet.edu.tr\/en\/wp-json\/wp\/v2\/posts\/3801\/revisions"}],"predecessor-version":[{"id":3804,"href":"https:\/\/erasmus.cumhuriyet.edu.tr\/en\/wp-json\/wp\/v2\/posts\/3801\/revisions\/3804"}],"wp:attachment":[{"href":"https:\/\/erasmus.cumhuriyet.edu.tr\/en\/wp-json\/wp\/v2\/media?parent=3801"}],"wp:term":[{"taxonomy":"category","embeddable":true,"href":"https:\/\/erasmus.cumhuriyet.edu.tr\/en\/wp-json\/wp\/v2\/categories?post=3801"},{"taxonomy":"post_tag","embeddable":true,"href":"https:\/\/erasmus.cumhuriyet.edu.tr\/en\/wp-json\/wp\/v2\/tags?post=3801"}],"curies":[{"name":"wp","href":"https:\/\/api.w.org\/{rel}","templated":true}]}}