{"id":3741,"date":"2024-02-21T08:56:20","date_gmt":"2024-02-21T05:56:20","guid":{"rendered":"https:\/\/erasmus.cumhuriyet.edu.tr\/?p=3741"},"modified":"2024-02-21T08:56:20","modified_gmt":"2024-02-21T05:56:20","slug":"ix-interdisciplinary-approach-towards-chronic-patients","status":"publish","type":"post","link":"https:\/\/erasmus.cumhuriyet.edu.tr\/en\/ix-interdisciplinary-approach-towards-chronic-patients\/","title":{"rendered":"IX INTERDISCIPLINARY APPROACH TOWARDS CHRONIC PATIENTS"},"content":{"rendered":"<p><span data-ogsc=\"black\">Dear Colleagues,<\/span><\/p>\n<p data-ogsb=\"white\"><span data-ogsc=\"black\">\u00a0\u00a0\u00a0\u00a0\u00a0\u00a0\u00a0\u00a0\u00a0\u00a0\u00a0 We would like to invite you to International Scientific and Training Conference<\/span><\/p>\n<p><span data-ogsc=\"black\"><b><i>IX INTERDISCIPLINARY APPROACH TOWARDS CHRONIC PATIENTS,\u00a0<\/i><\/b>organized by the Faculty of Health Sciences of State University of Applied Sciences in Wloclawek in cooperation with Neurological and Neurosurgical Nursing Department, Faculty of Health Science, Collegium Medicum, Nicolaus Copernicus University in Torun, Head Chamber of Nurses and Midwives in Wloclawek.<\/span><\/p>\n<p><span data-ogsc=\"black\">The objective of the conference is the presentation of results, exchange of experience and good practice in the care of chronic patients\u00a0<\/span><span data-ogsc=\"black\">in the context of ensuring the quality of services and care for patient safety<\/span><span data-ogsc=\"black\">.<\/span><\/p>\n<p><span data-ogsc=\"black\"><u>Recipients:<\/u><\/span><\/p>\n<p><span data-ogsc=\"black\">The conference addresses health-care professionals \u2013 members of interdisciplinary medical team (doctors, nurses, physiotherapists, psychologists, occupational therapists, heath carers, management staff of healthcare institutions), nursing students and everyone interested in chronic care<\/span><\/p>\n<p><span data-ogsc=\"black\"><u>Speakers:<\/u><\/span><\/p>\n<p><span data-ogsc=\"black\">-chronic care leaders,<\/span><\/p>\n<p><span data-ogsc=\"black\">\u2013 management staff of healthcare institutions,<\/span><\/p>\n<p><span data-ogsc=\"black\">\u2013\u00a0<\/span><span data-ogsc=\"rgb(32, 33, 36)\">scientists in the field of medical sciences and health sciences \u2013 representatives of Polish and foreign academic circles,<\/span><\/p>\n<p><span data-ogsc=\"rgb(32, 33, 36)\">-students from students research clubs.<\/span><\/p>\n<p data-ogsb=\"white\"><span data-ogsc=\"black\"><b>Conference date: May 15, 2024<\/b><\/span><\/p>\n<p><span data-ogsc=\"black\"><b>Form: 1) videoconference (on-line) or 2)\u00a0<\/b><\/span><span data-ogsc=\"black\"><b>personal participation<\/b><\/span><\/p>\n<p data-ogsb=\"white\"><span data-ogsc=\"black\"><b>Fees: free participation<\/b><\/span><\/p>\n<p><span data-ogsc=\"black\"><b>Speaking time: maximum 10 minutes<\/b><\/span><\/p>\n<p><span data-ogsc=\"black\"><b>Language of speeches: English<\/b><\/span><\/p>\n<p data-ogsb=\"white\"><span data-ogsc=\"black\"><b>We invite you to speak during the session:\u00a0<\/b><\/span><span data-ogsc=\"rgb(32, 33, 36)\"><b><i>International experience and significant scientific reports in the care of chronically ill patients<\/i><\/b><\/span><\/p>\n<p><span data-ogsc=\"rgb(32, 33, 36)\">\u00a0<\/span><\/p>\n<p data-ogsb=\"white\"><span data-ogsc=\"rgb(32, 33, 36)\">ORGANIZATIONAL DETAILS:<\/span><\/p>\n<ol start=\"1\" data-editing-info=\"{&quot;orderedStyleType&quot;:1}\" data-listchain=\"__List_Chain_1\" data-ogsb=\"white\">\n<li data-ogsc=\"black\"><span data-ogsc=\"rgb(32, 33, 36)\"><b>Choose your active participation in the conference:<\/b><\/span><\/li>\n<\/ol>\n<ul data-editing-info=\"{&quot;unorderedStyleType&quot;:2}\" data-ogsb=\"white\">\n<li data-ogsc=\"black\"><span data-ogsc=\"black\"><b>I version of participation in the conference<\/b>: on-line participation-on the day of the conference, we will connect with you via special platform. Conference participants will see you on the screen and will be able to listen to your speech in English. Detailed technical information about the connection will be sent soon.\u00a0\u00a0<\/span><\/li>\n<li data-ogsc=\"black\"><span data-ogsc=\"black\"><b>II version of participation in the conference:\u00a0<\/b>Record your speech in English and send it to us before the conference. During the conference, we will play the recording of your speech. Detailed technical information about the connection will be sent soon.\u00a0<b>\u00a0<\/b><\/span><\/li>\n<li data-ogsc=\"black\"><span data-ogsc=\"black\"><b>III version of participation in the conference:\u00a0<\/b>personal<b>\u00a0<\/b>\u00a0participation \u2013 PANS in W\u0142oc\u0142awek (Poland), W\u0142oc\u0142awek Obro\u0144c\u00f3w Wis\u0142y 1920r. 21\/25<\/span><\/li>\n<li data-ogsc=\"black\"><span data-ogsc=\"black\">\u00a0<\/span><\/li>\n<\/ul>\n<ol start=\"2\" data-editing-info=\"{&quot;orderedStyleType&quot;:1}\" data-listchain=\"__List_Chain_1\" data-ogsb=\"white\">\n<li data-ogsc=\"black\"><span data-ogsc=\"black\"><b>We will send you soon an official invitation to speak at the conference, official announcement and program.<\/b><\/span><\/li>\n<li data-ogsc=\"black\"><span data-ogsc=\"rgb(32, 33, 36)\"><b><u>Do you agree to speak at the conference?<\/u><\/b><\/span><\/li>\n<li data-ogsc=\"black\"><span data-ogsc=\"rgb(32, 33, 36)\"><b><u>Do you agree to be a member of the Scientific Committee of the conference?<\/u><\/b><\/span><\/li>\n<li data-ogsc=\"black\"><span data-ogsc=\"rgb(32, 33, 36)\"><b><u>We invite you to speak during the conference of students from your university.<\/u><\/b><\/span><\/li>\n<\/ol>\n<p data-ogsb=\"white\"><span data-ogsc=\"rgb(32, 33, 36)\"><b><u>\u00a0<\/u><\/b><\/span><\/p>\n<p data-ogsb=\"white\"><span data-ogsc=\"rgb(237, 92, 87)\"><b>Please send me your answer by 01.03.2024<\/b><\/span><\/p>\n<p data-ogsb=\"white\"><span data-ogsc=\"black\"><br aria-hidden=\"true\" \/><br aria-hidden=\"true\" \/><\/span><\/p>\n<p data-ogsb=\"white\"><span data-ogsc=\"black\">Best Regards<\/span><\/p>\n<p data-ogsb=\"white\"><span data-ogsc=\"black\">Beata Haor, Assoc. Prof.<\/span><\/p>\n<p data-ogsb=\"white\"><span data-ogsc=\"black\">RN, MSC, PhD<\/span><\/p>\n<p data-ogsb=\"white\"><span data-ogsc=\"black\">Dean of the Faculty of Health Sciences in Wloclawek<\/span><\/p>\n<p data-ogsb=\"white\"><span data-ogsc=\"black\">Chairwoman of the Conference Organizing Committee<br aria-hidden=\"true\" \/>e-mail: beata.haor@pans.wloclawek.pl<\/span><\/p>","protected":false},"excerpt":{"rendered":"<p>Dear Colleagues, \u00a0\u00a0\u00a0\u00a0\u00a0\u00a0\u00a0\u00a0\u00a0\u00a0\u00a0 We would like to invite you to International Scientific and Traning Conference IX INTERDISCIPLINARY APPROACH TOWARDS CHRONIC PATIENTS,\u00a0organised by the Faculty of Health\u00a0 Sciences of State University of Applied Sciences in Wloclawek in cooperation with Neurological and Neurosurgical Nursing Department, Faculty of Health Science, Collegium Medicum, Nicolaus Copernicus University in Torun, Head [&hellip;]<\/p>\n","protected":false},"author":1,"featured_media":0,"comment_status":"closed","ping_status":"open","sticky":false,"template":"","format":"standard","meta":{"advanced_seo_description":"","jetpack_seo_html_title":"","jetpack_seo_noindex":false,"jetpack_seo_schema_type":"","_jetpack_newsletter_access":"","_jetpack_dont_email_post_to_subs":false,"_jetpack_newsletter_tier_id":0,"_jetpack_memberships_contains_paywalled_content":false,"_jetpack_feature_clip_id":0,"_jetpack_memberships_contains_paid_content":false,"footnotes":"","jetpack_post_was_ever_published":false},"categories":[39,93],"tags":[],"class_list":["post-3741","post","type-post","status-publish","format-standard","hentry","category-announcements","category-partner-announcements"],"blocksy_meta":{"styles_descriptor":{"styles":{"desktop":"","tablet":"","mobile":""},"google_fonts":[],"version":7}},"jetpack_sharing_enabled":true,"jetpack_shortlink":"https:\/\/wp.me\/pfKvKT-Yl","jetpack_featured_media_url":"","_links":{"self":[{"href":"https:\/\/erasmus.cumhuriyet.edu.tr\/en\/wp-json\/wp\/v2\/posts\/3741","targetHints":{"allow":["GET"]}}],"collection":[{"href":"https:\/\/erasmus.cumhuriyet.edu.tr\/en\/wp-json\/wp\/v2\/posts"}],"about":[{"href":"https:\/\/erasmus.cumhuriyet.edu.tr\/en\/wp-json\/wp\/v2\/types\/post"}],"author":[{"embeddable":true,"href":"https:\/\/erasmus.cumhuriyet.edu.tr\/en\/wp-json\/wp\/v2\/users\/1"}],"replies":[{"embeddable":true,"href":"https:\/\/erasmus.cumhuriyet.edu.tr\/en\/wp-json\/wp\/v2\/comments?post=3741"}],"version-history":[{"count":1,"href":"https:\/\/erasmus.cumhuriyet.edu.tr\/en\/wp-json\/wp\/v2\/posts\/3741\/revisions"}],"predecessor-version":[{"id":3742,"href":"https:\/\/erasmus.cumhuriyet.edu.tr\/en\/wp-json\/wp\/v2\/posts\/3741\/revisions\/3742"}],"wp:attachment":[{"href":"https:\/\/erasmus.cumhuriyet.edu.tr\/en\/wp-json\/wp\/v2\/media?parent=3741"}],"wp:term":[{"taxonomy":"category","embeddable":true,"href":"https:\/\/erasmus.cumhuriyet.edu.tr\/en\/wp-json\/wp\/v2\/categories?post=3741"},{"taxonomy":"post_tag","embeddable":true,"href":"https:\/\/erasmus.cumhuriyet.edu.tr\/en\/wp-json\/wp\/v2\/tags?post=3741"}],"curies":[{"name":"wp","href":"https:\/\/api.w.org\/{rel}","templated":true}]}}