{"id":3678,"date":"2024-01-18T08:00:00","date_gmt":"2024-01-18T05:00:00","guid":{"rendered":"https:\/\/erasmus.cumhuriyet.edu.tr\/?p=3678"},"modified":"2024-09-10T17:15:03","modified_gmt":"2024-09-10T14:15:03","slug":"ofisimiz-calisma-saatleri","status":"publish","type":"post","link":"https:\/\/erasmus.cumhuriyet.edu.tr\/en\/ofisimiz-calisma-saatleri\/","title":{"rendered":"Working Hours of the Office"},"content":{"rendered":"<p>Uluslararas\u0131 \u0130li\u015fkiler Ofisi ve Erasmus+ Kurum Koordinat\u00f6rl\u00fc\u011f\u00fc \u00e7al\u0131\u015fma saatleri a\u015fa\u011f\u0131daki tablodaki gibidir.<\/p>\n<p>Cuma g\u00fcnleri \u00f6\u011fleden \u00f6nce birim i\u00e7i e\u011fitim faaliyetleri ve de\u011ferlendirme toplant\u0131lar\u0131 yap\u0131laca\u011f\u0131ndan \u00f6\u011frenci ve personele y\u00f6nelik dan\u0131\u015fmanl\u0131k hizmeti verilmeyecektir.<\/p>\n<table width=\"266\">\n<tbody>\n<tr>\n<td width=\"73\"><\/td>\n<td width=\"94\"><strong>\u00d6\u011fleden \u00d6nce<\/strong><\/td>\n<td width=\"99\"><strong>\u00d6\u011fleden Sonra<\/strong><\/td>\n<\/tr>\n<tr>\n<td><strong>Pazartesi<\/strong><\/td>\n<td>08.00 &#8211; 12.00<\/td>\n<td>13.00 &#8211; 17.00<\/td>\n<\/tr>\n<tr>\n<td><strong>Sal\u0131<\/strong><\/td>\n<td>08.00 &#8211; 12.00<\/td>\n<td>&#8211;<\/td>\n<\/tr>\n<tr>\n<td><strong>\u00c7ar\u015famba<\/strong><\/td>\n<td>08.00 &#8211; 12.00<\/td>\n<td>13.00 &#8211; 17.00<\/td>\n<\/tr>\n<tr>\n<td><strong>Per\u015fembe<\/strong><\/td>\n<td>08.00 &#8211; 12.00<\/td>\n<td>13.00 &#8211; 17.00<\/td>\n<\/tr>\n<tr>\n<td><strong>Cuma<\/strong><\/td>\n<td>&#8211;<\/td>\n<td>13.00 &#8211; 17.00<\/td>\n<\/tr>\n<tr>\n<td><strong>Cumartesi<\/strong><\/td>\n<td>&#8211;<\/td>\n<td>&#8211;<\/td>\n<\/tr>\n<tr>\n<td><strong>Pazar<\/strong><\/td>\n<td>&#8211;<\/td>\n<td>&#8211;<\/td>\n<\/tr>\n<\/tbody>\n<\/table>","protected":false},"excerpt":{"rendered":"<p>Uluslararas\u0131 \u0130li\u015fkiler Ofisi ve Erasmus+ Kurum Koordinat\u00f6rl\u00fc\u011f\u00fc \u00e7al\u0131\u015fma saatleri a\u015fa\u011f\u0131daki tablodaki gibidir. Cuma g\u00fcnleri \u00f6\u011fleden \u00f6nce birim i\u00e7i e\u011fitim faaliyetleri ve de\u011ferlendirme toplant\u0131lar\u0131 yap\u0131laca\u011f\u0131ndan \u00f6\u011frenci ve personele y\u00f6nelik dan\u0131\u015fmanl\u0131k hizmeti verilmeyecektir. \u00d6\u011fleden \u00d6nce \u00d6\u011fleden Sonra Pazartesi 08.00 &#8211; 12.00 13.00 &#8211; 17.00 Sal\u0131 08.00 &#8211; 12.00 &#8211; \u00c7ar\u015famba 08.00 &#8211; 12.00 13.00 &#8211; 17.00 Per\u015fembe [&hellip;]<\/p>\n","protected":false},"author":1,"featured_media":0,"comment_status":"closed","ping_status":"open","sticky":false,"template":"","format":"standard","meta":{"_gspb_post_css":"","footnotes":""},"categories":[39,86,91,87],"tags":[],"class_list":["post-3678","post","type-post","status-publish","format-standard","hentry","category-announcements","category-student-announcements","category-important-announcements","category-staff-announcements"],"blocksy_meta":[],"_links":{"self":[{"href":"https:\/\/erasmus.cumhuriyet.edu.tr\/en\/wp-json\/wp\/v2\/posts\/3678","targetHints":{"allow":["GET"]}}],"collection":[{"href":"https:\/\/erasmus.cumhuriyet.edu.tr\/en\/wp-json\/wp\/v2\/posts"}],"about":[{"href":"https:\/\/erasmus.cumhuriyet.edu.tr\/en\/wp-json\/wp\/v2\/types\/post"}],"author":[{"embeddable":true,"href":"https:\/\/erasmus.cumhuriyet.edu.tr\/en\/wp-json\/wp\/v2\/users\/1"}],"replies":[{"embeddable":true,"href":"https:\/\/erasmus.cumhuriyet.edu.tr\/en\/wp-json\/wp\/v2\/comments?post=3678"}],"version-history":[{"count":2,"href":"https:\/\/erasmus.cumhuriyet.edu.tr\/en\/wp-json\/wp\/v2\/posts\/3678\/revisions"}],"predecessor-version":[{"id":4040,"href":"https:\/\/erasmus.cumhuriyet.edu.tr\/en\/wp-json\/wp\/v2\/posts\/3678\/revisions\/4040"}],"wp:attachment":[{"href":"https:\/\/erasmus.cumhuriyet.edu.tr\/en\/wp-json\/wp\/v2\/media?parent=3678"}],"wp:term":[{"taxonomy":"category","embeddable":true,"href":"https:\/\/erasmus.cumhuriyet.edu.tr\/en\/wp-json\/wp\/v2\/categories?post=3678"},{"taxonomy":"post_tag","embeddable":true,"href":"https:\/\/erasmus.cumhuriyet.edu.tr\/en\/wp-json\/wp\/v2\/tags?post=3678"}],"curies":[{"name":"wp","href":"https:\/\/api.w.org\/{rel}","templated":true}]}}