{"id":3643,"date":"2024-01-01T08:00:25","date_gmt":"2024-01-01T05:00:25","guid":{"rendered":"https:\/\/erasmus.cumhuriyet.edu.tr\/?p=3643"},"modified":"2024-10-01T08:46:35","modified_gmt":"2024-10-01T05:46:35","slug":"erasmus-personel-hareketliligi-ilani-2022-2023-ka131","status":"publish","type":"post","link":"https:\/\/erasmus.cumhuriyet.edu.tr\/en\/erasmus-personel-hareketliligi-ilani-2022-2023-ka131\/","title":{"rendered":"Erasmus+ Personel Hareketlili\u011fi \u0130lan\u0131 (2022, 2023 KA131)"},"content":{"rendered":"<p>[vc_row][vc_column][vc_tta_accordion style=&#8221;flat&#8221; color=&#8221;blue&#8221; active_section=&#8221;0&#8243; no_fill=&#8221;true&#8221; collapsible_all=&#8221;true&#8221;][vc_tta_section i_icon_fontawesome=&#8221;fas fa-bullhorn&#8221; add_icon=&#8221;true&#8221; title=&#8221;\u0130lan Bilgileri&#8221; tab_id=&#8221;callinfo&#8221;][vc_custom_heading text=&#8221;\u0130LAN B\u0130LG\u0130LER\u0130&#8221; use_theme_fonts=&#8221;yes&#8221;][vc_column_text]\u0130LAN BA\u015eLI\u011eI: <strong>ERASMUS+ PERSONEL DERS VERME VE E\u011e\u0130T\u0130M ALMA HAREKETL\u0130L\u0130\u011e\u0130 \u0130LANI<\/strong><\/p>\n<p>EYLEM T\u00dcR\u00dc:<strong> KA131 (AB \u00dcye \u00dclkeleri ve Programla \u0130li\u015fkili \u00dc\u00e7\u00fcnc\u00fc \u00dclkeler)<\/strong><\/p>\n<p>PROJE T\u00dcR\u00dc: <strong>TEK ve B\u0130RDEN FAZLA (KONSORS\u0130YUM) YARARLANICILI PROJELER<\/strong><\/p>\n<p>PROJE YILI: <strong>2022, 2023 YILLARI<\/strong><\/p>\n<p>\u0130LAN PROJE NO:\u00a0<strong>2022-1-TR01-KA131-HED-000057314, 2022-1-TR01-KA131-HED-000059267, 2022-1-TR01-KA131-HED-000064914, \u00a02023-1-TR01-KA131-HED-000118709, <span style=\"font-size: 1rem;\">\u00a0<\/span>2023-1-TR01-KA131-HED-000120746<span style=\"font-size: 1rem;\">, <\/span>2023-1-TR01-KA131-HED-000139808, 2023-1-TR01-KA131-HED-000147173<\/strong><\/p>\n<p>\u0130LAN TAR\u0130H\u0130: <strong>01.01.2024<\/strong>[\/vc_column_text][\/vc_tta_section][\/vc_tta_accordion][vc_separator][vc_column_text]Sivas Cumhuriyet \u00dcniversitesi Uluslararas\u0131 \u0130li\u015fkiler Ofisi Erasmus+ Kurum Koordinat\u00f6rl\u00fc\u011f\u00fc Erasmus+ KA131 (AB \u00dcye \u00dclkeleri ve Programla \u0130li\u015fkili \u00dc\u00e7\u00fcnc\u00fc \u00dclkeler) Personel Hareketlili\u011fi ilan\u0131na \u00e7\u0131km\u0131\u015f bulunmaktad\u0131r.<\/p>\n<p><strong style=\"color: red;\">Ba\u015fvurular 22.01.2024 &#8211; 05.02.2024 tarihleri aras\u0131nda al\u0131nacakt\u0131r.\u00a0<\/strong><\/p>\n<p><strong style=\"color: red;\">Ayr\u0131nt\u0131lar i\u00e7in ilan metnini inceleyiniz.<\/strong>[\/vc_column_text][vc_separator][vc_tta_accordion style=&#8221;flat&#8221; color=&#8221;orange&#8221; active_section=&#8221;1&#8243; no_fill=&#8221;true&#8221;][vc_tta_section i_icon_fontawesome=&#8221;fas fa-user&#8221; add_icon=&#8221;true&#8221; title=&#8221;Sorumlu Personel&#8221; tab_id=&#8221;staff&#8221;][vc_custom_heading text=&#8221;Personel Hareketliliklerinden Sorumlu Ofis Personeli&#8221; use_theme_fonts=&#8221;yes&#8221;][vc_row_inner][vc_column_inner width=&#8221;1\/3&#8243;][vc_single_image image=&#8221;164&#8243; alignment=&#8221;center&#8221; style=&#8221;vc_box_border_circle&#8221; border_color=&#8221;orange&#8221;][\/vc_column_inner][vc_column_inner width=&#8221;2\/3&#8243;][vc_column_text css=&#8221;.vc_custom_1697419406486{margin-top: 15px !important;margin-bottom: 40px !important;padding-top: 10px !important;padding-right: 10px !important;padding-bottom: 10px !important;padding-left: 10px !important;}&#8221;]<\/p>\n<h1><strong>Yasemin KAN<\/strong><\/h1>\n<h2>Giden Y\u00f6nl\u00fc Personel Hareketlilikleri<\/h2>\n<p>[\/vc_column_text][\/vc_column_inner][\/vc_row_inner][vc_row_inner][vc_column_inner width=&#8221;1\/3&#8243;][vc_btn title=&#8221;Dahili: 5167&#8243; style=&#8221;flat&#8221; color=&#8221;warning&#8221; size=&#8221;sm&#8221; align=&#8221;center&#8221; i_icon_fontawesome=&#8221;fas fa-tty&#8221; button_block=&#8221;true&#8221; add_icon=&#8221;true&#8221;][\/vc_column_inner][vc_column_inner width=&#8221;1\/3&#8243;][vc_btn title=&#8221;+90 (346) 487 5167&#8243; style=&#8221;flat&#8221; color=&#8221;warning&#8221; size=&#8221;sm&#8221; align=&#8221;center&#8221; i_icon_fontawesome=&#8221;fas fa-phone-alt&#8221; button_block=&#8221;true&#8221; add_icon=&#8221;true&#8221;][\/vc_column_inner][vc_column_inner width=&#8221;1\/3&#8243;][vc_btn title=&#8221;\u0130leti\u015fim Formu&#8221; style=&#8221;flat&#8221; color=&#8221;primary&#8221; size=&#8221;sm&#8221; align=&#8221;center&#8221; i_icon_fontawesome=&#8221;fas fa-pencil-alt&#8221; button_block=&#8221;true&#8221; add_icon=&#8221;true&#8221; link=&#8221;url:https%3A%2F%2Ferasmus.cumhuriyet.edu.tr%2Ferasmus%2Foutgoing%2Fcontact-form%2F%3Fogr_per%3DPERSONEL%26ounit%3DKA131%2520STA_STT%2520-%2520Avrupa%2520i%25C3%25A7i%2520Giden%2520Personel%2520Hareketlilikleri%2520Birimi%2520(Yasemin%2520Kan)&#8221;][\/vc_column_inner][\/vc_row_inner][\/vc_tta_section][\/vc_tta_accordion][vc_separator][vc_message message_box_style=&#8221;solid-icon&#8221; message_box_color=&#8221;danger&#8221; icon_fontawesome=&#8221;fas fa-exclamation-circle&#8221;]<\/p>\n<h4><strong style=\"color: red;\">\u0130ki hareketlilik t\u00fcr\u00fcne ayn\u0131 anda ba\u015fvuru yap\u0131lamaz. Hem ders verme hem de e\u011fitim alma hareketlili\u011fine ba\u015fvuru yap\u0131ld\u0131\u011f\u0131nda sistem hangi ba\u015fvurunuza \u00f6ncelik vermek istedi\u011finizi soracakt\u0131r. Bu a\u015famada \u00f6nceliklendirdi\u011finiz ba\u015fvuru esas al\u0131nacak, di\u011fer ba\u015fvuru dikkate al\u0131nmayacak ve ge\u00e7ersiz say\u0131lacakt\u0131r. \u00d6nceliklendirme sisteminin \u00e7al\u0131\u015fmamas\u0131 veya hatal\u0131 \u00e7al\u0131\u015fmas\u0131 durumunda ilk ba\u015fvuru ge\u00e7erli, di\u011fer ba\u015fvurular ge\u00e7ersiz say\u0131lacakt\u0131r.<\/strong><\/h4>\n<p>[\/vc_message][vc_message message_box_style=&#8221;solid-icon&#8221; message_box_color=&#8221;warning&#8221; icon_fontawesome=&#8221;fas fa-exclamation-circle&#8221;]<\/p>\n<h4><strong style=\"color: orange;\">Ba\u015fvuru ekran\u0131nda ba\u015fvuran aday\u0131n g\u00f6rev yapt\u0131\u011f\u0131 birim sorulmaktad\u0131r. Personel Ders Verme Hareketlili\u011finde beyan edilen birime g\u00f6re ba\u015fvuru yap\u0131labilecek kurumlar tercih ekran\u0131na yans\u0131maktad\u0131r. \u0130lgili kutucukta \u00e7al\u0131\u015fma alan\u0131 veya kadro yeri dikkate al\u0131nmaks\u0131z\u0131n g\u00f6revlendirilen birimin (<span style=\"text-decoration: underline;\">Enstit\u00fc\/Fak\u00fclte\/MYO\/YO de\u011fil BD\/ABD\/B\u00f6l\u00fcm se\u00e7ilmelidir<\/span>) se\u00e7ilmesi gerekmektedir. Beyan edilirken \u00f6ncelikle bilim dal\u0131 se\u00e7ilmelidir. Bilim dal\u0131 listede yer alm\u0131yorsa ana bilim dal\u0131, bu se\u00e7enek de mevcut de\u011filse b\u00f6l\u00fcm se\u00e7ilmelidir. Beyanda \u00f6zelden genele do\u011fru i\u015fleyi\u015f yer ald\u0131\u011f\u0131ndan bu i\u015fleme uygun ba\u015fvurmayan adaylar\u0131n ba\u015fvurular\u0131 ge\u00e7ersiz say\u0131lacakt\u0131r. Beyan edilen birim ile PBS verisi aras\u0131nda bir uyumsuzluk saptanmas\u0131 durumunda aday\u0131n ba\u015fvurusu ge\u00e7ersiz say\u0131l\u0131r.<\/strong><\/h4>\n<p>[\/vc_message][vc_message message_box_style=&#8221;solid-icon&#8221; message_box_color=&#8221;violet&#8221;]<\/p>\n<h4><strong style=\"color: purple;\">Personel Ders Verme Hareketlili\u011fi ilan\u0131nda anla\u015fmal\u0131 kurumlardan olu\u015fan ve ISCED koduna g\u00f6re adaylar\u0131n ekran\u0131na yans\u0131yan tercih listesi \u00e7\u0131kacakt\u0131r. \u0130lgili ilana ba\u015fvuracak personelin tercih yapmas\u0131 gerekmektedir. Tercih d\u0131\u015f\u0131 veya ISCED koduna g\u00f6re kurumlar aras\u0131 anla\u015fma bulunmayan bir kurumda hibeli\/hibesiz hareketlilik ger\u00e7ekle\u015ftirilemez.<\/strong><\/h4>\n<p>[\/vc_message][vc_message message_box_style=&#8221;solid-icon&#8221; message_box_color=&#8221;violet&#8221;]<\/p>\n<h4><strong style=\"color: purple;\">Personel E\u011fitim Alma Hareketlili\u011fi ilan\u0131nda tercih al\u0131nmayacakt\u0131r. \u0130lgili ilana ba\u015fvurup hak kazanan aday 1, 2 ve 3. grup \u00fclkelerinde belirtilen AB \u00dcye \u00dclkeleri ve Programla \u0130li\u015fkili \u00dc\u00e7\u00fcnc\u00fc \u00dclkelerde hareketlilik ger\u00e7ekle\u015ftirebilir.<\/strong><\/h4>\n<p>[\/vc_message][vc_message message_box_style=&#8221;solid-icon&#8221; icon_fontawesome=&#8221;fas fa-exclamation-circle&#8221;]<\/p>\n<h4><strong style=\"color: blue;\">Uygulamal\u0131 birimlerde \u00f6\u011fretim g\u00f6revlisi olarak g\u00f6rev yapan akademik personelin birimi <span style=\"text-decoration: underline;\">REKT\u00d6RL\u00dcK<\/span> olarak se\u00e7mesi gerekmektedir. Bu \u00f6\u011fretim elemanlar\u0131 yaln\u0131zca Personel E\u011fitim Alma Hareketlili\u011fine ba\u015fvuru yapabilir.<\/strong><\/h4>\n<p>[\/vc_message][vc_message message_box_style=&#8221;solid-icon&#8221; icon_fontawesome=&#8221;fas fa-exclamation-circle&#8221;]<\/p>\n<h4><strong style=\"color: blue;\">\u0130dari personel yaln\u0131zca Personel E\u011fitim Alma Hareketlili\u011fine ba\u015fvuru yapabilir.<\/strong><\/h4>\n<p>[\/vc_message][vc_message message_box_style=&#8221;solid-icon&#8221; message_box_color=&#8221;green&#8221; icon_fontawesome=&#8221;fas fa-exclamation-circle&#8221;]<\/p>\n<h4><strong style=\"color: green;\">\u00dcniversitemizde Sa\u011fl\u0131k Bakanl\u0131\u011f\u0131 ad\u0131na Asistan (TUS\/DUS kapsam\u0131nda) olarak g\u00f6rev yapan personelin personel bilgisi Y\u00d6KS\u0130S \u00fczerinden sorgulanamad\u0131\u011f\u0131ndan Portal&#8217;den manuel olarak eklenmesi gerekmektedir. Personel bilgilerini eklerken g\u00f6revin <span style=\"text-decoration: underline;\">ARA\u015eTIRMA G\u00d6REVL\u0130S\u0130<\/span> olarak se\u00e7ilmesi gerekmektedir. <span style=\"text-decoration: underline;\">\u0130\u015flem sonras\u0131 Koordinat\u00f6rl\u00fc\u011f\u00fcm\u00fcz ile ileti\u015fime ge\u00e7ilip personel bilgilerinin onaylat\u0131lmas\u0131 gerekmektedir.<\/span><\/strong><\/h4>\n<p>[\/vc_message][vc_separator][vc_custom_heading text=&#8221;DOSYALAR&#8221; use_theme_fonts=&#8221;yes&#8221;][vc_row_inner][vc_column_inner width=&#8221;1\/2&#8243;][vc_btn title=&#8221;\u0130LAN METN\u0130 (PDF)&#8221; style=&#8221;flat&#8221; color=&#8221;primary&#8221; i_icon_fontawesome=&#8221;far fa-file-alt&#8221; add_icon=&#8221;true&#8221; link=&#8221;url:https%3A%2F%2Fcumhuriyetedutr-my.sharepoint.com%2F%3Ab%3A%2Fg%2Fpersonal%2Ferasmus_cumhuriyet_edu_tr%2FEYmSjH-JMQ9Dq9dZ-07P7noBfm7drSyebD7EpJO9eGMWGA%3Fe%3DapHrs6|target:_blank&#8221;][vc_empty_space height=&#8221;1px&#8221;][vc_btn title=&#8221;BA\u015eVURU KILAVUZU (PDF)&#8221; style=&#8221;flat&#8221; color=&#8221;info&#8221; i_icon_fontawesome=&#8221;far fa-file-alt&#8221; add_icon=&#8221;true&#8221; link=&#8221;url:https%3A%2F%2Fcumhuriyetedutr-my.sharepoint.com%2F%3Ab%3A%2Fg%2Fpersonal%2Ferasmus_cumhuriyet_edu_tr%2FESVejOoHeDtKnUV0OPov4rMBa47aG-6svrLZ87hQzTweBA%3Fe%3DGDB60x|target:_blank&#8221;][vc_empty_space height=&#8221;1px&#8221;][vc_btn title=&#8221;YETK\u0130M KILAVUZU (PDF)&#8221; style=&#8221;flat&#8221; color=&#8221;info&#8221; i_icon_fontawesome=&#8221;far fa-file-alt&#8221; add_icon=&#8221;true&#8221; link=&#8221;url:https%3A%2F%2Ferasmus.cumhuriyet.edu.tr%2Fyetkim-kilavuz|target:_blank&#8221;][\/vc_column_inner][vc_column_inner width=&#8221;1\/2&#8243;][vc_btn title=&#8221;2022 KA131 UYGULAMA EL K\u0130TABI (PDF)&#8221; style=&#8221;flat&#8221; i_icon_fontawesome=&#8221;fas fa-book&#8221; add_icon=&#8221;true&#8221; link=&#8221;url:https%3A%2F%2Fcumhuriyetedutr-my.sharepoint.com%2F%3Ab%3A%2Fg%2Fpersonal%2Ferasmus_cumhuriyet_edu_tr%2FEQe3MCkRNCZItGoE6ICyabABUuGNOWrFxWQIt1w4585hrQ%3Fe%3Dvf9bnF|target:_blank&#8221;][vc_empty_space height=&#8221;1px&#8221;][vc_btn title=&#8221;2022 KA131 UYGULAMA EL K\u0130TABI D\u00fczeltme Metni (PDF)&#8221; style=&#8221;flat&#8221; i_icon_fontawesome=&#8221;fas fa-book&#8221; add_icon=&#8221;true&#8221; link=&#8221;url:https%3A%2F%2Fcumhuriyetedutr-my.sharepoint.com%2F%3Ab%3A%2Fg%2Fpersonal%2Ferasmus_cumhuriyet_edu_tr%2FEdAun0cR7nFJvzSECNGF8V4BwFFut2EOQw7DjahHu_Uzxg%3Fe%3DiP4nZV|target:_blank&#8221;][vc_empty_space height=&#8221;1px&#8221;][vc_btn title=&#8221;2023 KA131 UYGULAMA EL K\u0130TABI (PDF)&#8221; style=&#8221;flat&#8221; i_icon_fontawesome=&#8221;fas fa-book&#8221; add_icon=&#8221;true&#8221; link=&#8221;url:https%3A%2F%2Fcumhuriyetedutr-my.sharepoint.com%2F%3Ab%3A%2Fg%2Fpersonal%2Ferasmus_cumhuriyet_edu_tr%2FEef1V8qsxXxNp1ftFd-82FcBD-DNKI_wzNOhfx5JQrbLoQ%3Fe%3DAOykKq|target:_blank&#8221;][vc_empty_space height=&#8221;1px&#8221;][vc_btn title=&#8221;2022 ERASMUS+ PROGRAM REHBER\u0130 (PDF)&#8221; style=&#8221;flat&#8221; i_icon_fontawesome=&#8221;fas fa-book&#8221; add_icon=&#8221;true&#8221; link=&#8221;url:https%3A%2F%2Ferasmus-plus.ec.europa.eu%2Fsites%2Fdefault%2Ffiles%2F2022-01%2F2022-erasmusplus-programme-guide-v2_en_0.pdf|target:_blank&#8221;][vc_empty_space height=&#8221;1px&#8221;][vc_btn title=&#8221;2023 ERASMUS+ PROGRAM REHBER\u0130 (PDF)&#8221; style=&#8221;flat&#8221; i_icon_fontawesome=&#8221;fas fa-book&#8221; add_icon=&#8221;true&#8221; link=&#8221;url:https%3A%2F%2Ferasmus-plus.ec.europa.eu%2Fsites%2Fdefault%2Ffiles%2F2022-11%2FErasmus%252BProgramme%2520Guide2023_en.pdf|target:_blank&#8221;][\/vc_column_inner][\/vc_row_inner][vc_separator][vc_custom_heading text=&#8221;BA\u015eVURU&#8221; use_theme_fonts=&#8221;yes&#8221;][vc_row_inner][vc_column_inner width=&#8221;1\/2&#8243;][vc_btn title=&#8221;BA\u015eVURU ADRES\u0130 (Ba\u015fvurular ilgili tarihler aras\u0131nda al\u0131nacakt\u0131r)&#8221; style=&#8221;flat&#8221; color=&#8221;danger&#8221; i_icon_fontawesome=&#8221;fas fa-globe&#8221; add_icon=&#8221;true&#8221; link=&#8221;url:https%3A%2F%2Fturnaportal.ua.gov.tr|target:_blank&#8221;][\/vc_column_inner][vc_column_inner width=&#8221;1\/2&#8243;][vc_btn title=&#8221;Ba\u015fvuru s\u0131ras\u0131nda olu\u015fan teknik aksakl\u0131klar\u0131 bildirmek i\u00e7in t\u0131klay\u0131n\u0131z&#8221; style=&#8221;flat&#8221; color=&#8221;orange&#8221; i_icon_fontawesome=&#8221;fas fa-book&#8221; add_icon=&#8221;true&#8221; link=&#8221;url:https%3A%2F%2Fforms.office.com%2Fr%2FJty5UmhdC5|target:_blank&#8221;][vc_empty_space height=&#8221;1px&#8221;][vc_btn title=&#8221;Hizmet kalitemizi de\u011ferlendirmek i\u00e7in t\u0131klay\u0131n\u0131z&#8221; style=&#8221;flat&#8221; color=&#8221;sandy-brown&#8221; i_icon_fontawesome=&#8221;fas fa-book&#8221; add_icon=&#8221;true&#8221; link=&#8221;url:https%3A%2F%2Fforms.office.com%2Fr%2FFHyNB0MBKK|target:_blank&#8221;][\/vc_column_inner][\/vc_row_inner][vc_column_text]<strong>* Bu sayfadaki veri ile ilan metninin PDF s\u00fcr\u00fcm\u00fc aras\u0131nda bir uyu\u015fmazl\u0131k olmas\u0131 durumunda PDF s\u00fcr\u00fcm\u00fc esas al\u0131n\u0131r.<\/strong>[\/vc_column_text][\/vc_column][\/vc_row]<\/p>\n","protected":false},"excerpt":{"rendered":"<p>[vc_row][vc_column][vc_tta_accordion style=&#8221;flat&#8221; color=&#8221;blue&#8221; active_section=&#8221;0&#8243; no_fill=&#8221;true&#8221; collapsible_all=&#8221;true&#8221;][vc_tta_section i_icon_fontawesome=&#8221;fas fa-bullhorn&#8221; add_icon=&#8221;true&#8221; title=&#8221;\u0130lan Bilgileri&#8221; tab_id=&#8221;callinfo&#8221;][vc_custom_heading text=&#8221;\u0130LAN B\u0130LG\u0130LER\u0130&#8221; use_theme_fonts=&#8221;yes&#8221;][vc_column_text]\u0130LAN BA\u015eLI\u011eI: ERASMUS+ PERSONEL DERS VERME VE E\u011e\u0130T\u0130M ALMA HAREKETL\u0130L\u0130\u011e\u0130 \u0130LANI EYLEM T\u00dcR\u00dc: KA131 (AB \u00dcye \u00dclkeleri ve Programla \u0130li\u015fkili \u00dc\u00e7\u00fcnc\u00fc \u00dclkeler) PROJE T\u00dcR\u00dc: TEK ve B\u0130RDEN FAZLA (KONSORS\u0130YUM) YARARLANICILI PROJELER PROJE YILI: 2022, 2023 YILLARI \u0130LAN PROJE NO:\u00a02022-1-TR01-KA131-HED-000057314, 2022-1-TR01-KA131-HED-000059267, 2022-1-TR01-KA131-HED-000064914, [&hellip;]<\/p>\n","protected":false},"author":1,"featured_media":0,"comment_status":"closed","ping_status":"open","sticky":false,"template":"","format":"standard","meta":{"_gspb_post_css":"","footnotes":""},"categories":[56,41,43,40,44,47],"tags":[],"class_list":["post-3643","post","type-post","status-publish","format-standard","hentry","category-ka131_out_sta_app","category-erasmus","category-out","category-calls","category-ka131_out","category-ka131_out_sta"],"blocksy_meta":[],"_links":{"self":[{"href":"https:\/\/erasmus.cumhuriyet.edu.tr\/en\/wp-json\/wp\/v2\/posts\/3643","targetHints":{"allow":["GET"]}}],"collection":[{"href":"https:\/\/erasmus.cumhuriyet.edu.tr\/en\/wp-json\/wp\/v2\/posts"}],"about":[{"href":"https:\/\/erasmus.cumhuriyet.edu.tr\/en\/wp-json\/wp\/v2\/types\/post"}],"author":[{"embeddable":true,"href":"https:\/\/erasmus.cumhuriyet.edu.tr\/en\/wp-json\/wp\/v2\/users\/1"}],"replies":[{"embeddable":true,"href":"https:\/\/erasmus.cumhuriyet.edu.tr\/en\/wp-json\/wp\/v2\/comments?post=3643"}],"version-history":[{"count":8,"href":"https:\/\/erasmus.cumhuriyet.edu.tr\/en\/wp-json\/wp\/v2\/posts\/3643\/revisions"}],"predecessor-version":[{"id":3691,"href":"https:\/\/erasmus.cumhuriyet.edu.tr\/en\/wp-json\/wp\/v2\/posts\/3643\/revisions\/3691"}],"wp:attachment":[{"href":"https:\/\/erasmus.cumhuriyet.edu.tr\/en\/wp-json\/wp\/v2\/media?parent=3643"}],"wp:term":[{"taxonomy":"category","embeddable":true,"href":"https:\/\/erasmus.cumhuriyet.edu.tr\/en\/wp-json\/wp\/v2\/categories?post=3643"},{"taxonomy":"post_tag","embeddable":true,"href":"https:\/\/erasmus.cumhuriyet.edu.tr\/en\/wp-json\/wp\/v2\/tags?post=3643"}],"curies":[{"name":"wp","href":"https:\/\/api.w.org\/{rel}","templated":true}]}}