{"id":3327,"date":"2023-09-21T15:30:21","date_gmt":"2023-09-21T12:30:21","guid":{"rendered":"https:\/\/erasmus.cumhuriyet.edu.tr\/?p=3327"},"modified":"2023-09-21T22:59:14","modified_gmt":"2023-09-21T19:59:14","slug":"dis-hekimligi-fakultesi-erasmus-bilgilendirme-toplantisi-gerceklestirildi","status":"publish","type":"post","link":"https:\/\/erasmus.cumhuriyet.edu.tr\/en\/dis-hekimligi-fakultesi-erasmus-bilgilendirme-toplantisi-gerceklestirildi\/","title":{"rendered":"Di\u015f Hekimli\u011fi Fak\u00fcltesi Erasmus+ Bilgilendirme Toplant\u0131s\u0131 Ger\u00e7ekle\u015ftirildi"},"content":{"rendered":"<p>[vc_row][vc_column][vc_column_text]Di\u015f Hekimli\u011fi Fak\u00fcltesi \u00f6\u011frencilerine y\u00f6nelik Erasmus+ Bilgilendirme Toplant\u0131s\u0131 Ger\u00e7ekle\u015ftirildi. Toplant\u0131ya Erasmus+ Kurum Koordinat\u00f6rl\u00fc\u011f\u00fc personeli \u00d6\u011fr. G\u00f6r. Emre SEVEN ve \u00d6\u011fr. G\u00f6r. Murat ERCAN&#8217;\u0131n yan\u0131 s\u0131ra Erasmus+ \u00d6\u011frenci Staj Hareketlili\u011fi kapsam\u0131nda ile S\u0131rbistan&#8217;dan \u00dcniversitemize gelen Andjela Nikolic kat\u0131ld\u0131. Erasmus+ \u00d6\u011frenci Staj Hareketlili\u011fi kapsam\u0131nda Almanya&#8217;da faaliyette bulunan \u00f6\u011frencimiz Atalay \u0130\u015eB\u0130LEN&#8217;in sundu\u011fu toplant\u0131da \u00f6\u011frencilere tan\u0131t\u0131m bro\u015f\u00fcrleri ve promosyon \u00fcr\u00fcnleri da\u011f\u0131t\u0131ld\u0131. Ba\u015fta Erasmus+ Birim Koordinat\u00f6r\u00fc Burak BULDUR ve Di\u015f Hekimli\u011fi Fak\u00fcltesi Dekanl\u0131\u011f\u0131 olmak \u00fczere toplant\u0131y\u0131 d\u00fczenleyen ve eme\u011fi ge\u00e7en t\u00fcm \u00f6\u011frenci ve personele te\u015fekk\u00fcr ederiz.[\/vc_column_text][\/vc_column][\/vc_row][vc_row][vc_column width=&#8221;1\/6&#8243;][\/vc_column][vc_column width=&#8221;4\/6&#8243;][vc_gallery interval=&#8221;3&#8243; images=&#8221;3328,3329,3330,3333,3334,3335&#8243; img_size=&#8221;full&#8221;][\/vc_column][vc_column width=&#8221;1\/6&#8243;][\/vc_column][\/vc_row]<\/p>\n","protected":false},"excerpt":{"rendered":"<p>[vc_row][vc_column][vc_column_text]Di\u015f Hekimli\u011fi Fak\u00fcltesi \u00f6\u011frencilerine y\u00f6nelik Erasmus+ Bilgilendirme Toplant\u0131s\u0131 Ger\u00e7ekle\u015ftirildi. Toplant\u0131ya Erasmus+ Kurum Koordinat\u00f6rl\u00fc\u011f\u00fc personeli \u00d6\u011fr. G\u00f6r. Emre SEVEN ve \u00d6\u011fr. G\u00f6r. Murat ERCAN&#8217;\u0131n yan\u0131 s\u0131ra Erasmus+ \u00d6\u011frenci Staj Hareketlili\u011fi kapsam\u0131nda ile S\u0131rbistan&#8217;dan \u00dcniversitemize gelen Andjela Nikolic kat\u0131ld\u0131. Erasmus+ \u00d6\u011frenci Staj Hareketlili\u011fi kapsam\u0131nda Almanya&#8217;da faaliyette bulunan \u00f6\u011frencimiz Atalay \u0130\u015eB\u0130LEN&#8217;in sundu\u011fu toplant\u0131da \u00f6\u011frencilere tan\u0131t\u0131m bro\u015f\u00fcrleri ve promosyon [&hellip;]<\/p>\n","protected":false},"author":1,"featured_media":3335,"comment_status":"closed","ping_status":"open","sticky":false,"template":"","format":"standard","meta":{"_gspb_post_css":"","footnotes":""},"categories":[94],"tags":[],"class_list":["post-3327","post","type-post","status-publish","format-standard","has-post-thumbnail","hentry","category-news"],"blocksy_meta":[],"_links":{"self":[{"href":"https:\/\/erasmus.cumhuriyet.edu.tr\/en\/wp-json\/wp\/v2\/posts\/3327","targetHints":{"allow":["GET"]}}],"collection":[{"href":"https:\/\/erasmus.cumhuriyet.edu.tr\/en\/wp-json\/wp\/v2\/posts"}],"about":[{"href":"https:\/\/erasmus.cumhuriyet.edu.tr\/en\/wp-json\/wp\/v2\/types\/post"}],"author":[{"embeddable":true,"href":"https:\/\/erasmus.cumhuriyet.edu.tr\/en\/wp-json\/wp\/v2\/users\/1"}],"replies":[{"embeddable":true,"href":"https:\/\/erasmus.cumhuriyet.edu.tr\/en\/wp-json\/wp\/v2\/comments?post=3327"}],"version-history":[{"count":2,"href":"https:\/\/erasmus.cumhuriyet.edu.tr\/en\/wp-json\/wp\/v2\/posts\/3327\/revisions"}],"predecessor-version":[{"id":3337,"href":"https:\/\/erasmus.cumhuriyet.edu.tr\/en\/wp-json\/wp\/v2\/posts\/3327\/revisions\/3337"}],"wp:featuredmedia":[{"embeddable":true,"href":"https:\/\/erasmus.cumhuriyet.edu.tr\/en\/wp-json\/wp\/v2\/media\/3335"}],"wp:attachment":[{"href":"https:\/\/erasmus.cumhuriyet.edu.tr\/en\/wp-json\/wp\/v2\/media?parent=3327"}],"wp:term":[{"taxonomy":"category","embeddable":true,"href":"https:\/\/erasmus.cumhuriyet.edu.tr\/en\/wp-json\/wp\/v2\/categories?post=3327"},{"taxonomy":"post_tag","embeddable":true,"href":"https:\/\/erasmus.cumhuriyet.edu.tr\/en\/wp-json\/wp\/v2\/tags?post=3327"}],"curies":[{"name":"wp","href":"https:\/\/api.w.org\/{rel}","templated":true}]}}