{"id":3002,"date":"2022-10-21T10:37:18","date_gmt":"2022-10-21T07:37:18","guid":{"rendered":"https:\/\/erasmus.cumhuriyet.edu.tr\/?p=3002"},"modified":"2023-08-11T02:38:23","modified_gmt":"2023-08-10T23:38:23","slug":"erasmus-personel-hareketliligi-1-yedek-yerlestirme-sonuclari-2020-ka103","status":"publish","type":"post","link":"https:\/\/erasmus.cumhuriyet.edu.tr\/en\/erasmus-personel-hareketliligi-1-yedek-yerlestirme-sonuclari-2020-ka103\/","title":{"rendered":"ERASMUS+ STAFF MOBILITY 1ST RESERVE PLACEMENT RESULTS (2020 KA103)"},"content":{"rendered":"<div class=\"scu-page scu-page-inner\">\n<div class=\"scu-legacy-row scu-legacy-vc-row\">\n<div class=\"scu-legacy-col scu-col-1-1\">\n<div class=\"scu-richtext\">Announced on April 4, 2022\u00a0<a href=\"https:\/\/erasmus.cumhuriyet.edu.tr\/tr\/2020-erasmus--ka103-program-ulkeleri-personel-hareketlili-2\"><strong>2020 ERASMUS+ KA103 (PROGRAM COUNTRIES) STAFF MOBILITY AND 2020 T\u00fcrkiye CONSORTIUM: SEVEN GATES TO EUROPE PROJECTS APPLICATION<\/strong><\/a><strong>\u00a0The results of the advertisement titled [advertisement title] will be announced on May 20, 2022.\u00a0<\/strong><a href=\"https:\/\/erasmus.cumhuriyet.edu.tr\/tr\/2020-erasmus-ka103-personel-hareketliligi-sonuclari\"><strong>2020 Erasmus KA103 Staff Mobility Results<\/strong><\/a><strong>\u00a0It was announced with the headline.\u00a0<\/strong><\/p>\n<p>The following substitute candidates have been selected to replace the candidates who withdrew as stated in the aforementioned results announcement.<\/p>\n<p><strong>STAFF TEACHING MOBILITY (STA)<\/strong><\/p>\n<p>Halil \u0130brahim Ulusoy<\/p>\n<p>Fatih Karaku\u015f<\/p>\n<p>U. Muhammed Ko\u00e7yi\u011fit<\/p>\n<p>SEL\u00c7UK YAS\u0130N YILDIZ<\/p>\n<p>FAD\u0130ME \u0130\u015eCEN KARASU<\/p>\n<p>EMRE HASTAO\u011eLU<\/p>\n<p>&nbsp;<\/p>\n<p><strong>STAFF TRAINING MOBILITY (STM)<\/strong><\/p>\n<p>EMINE SE\u00c7IL KARAMUKLU<\/p>\n<p>SEVAL ELDEN \u00dcRG\u00dcP<\/p>\n<p>SINEM SARICOBAN<\/p>\n<p>GURSEL KORKMAZ<\/p>\n<p>AY\u015eE H\u00dcMEYRA TA\u015eKIN KAFA<\/p>\n<p>&nbsp;<\/p>\n<p>15.11.2022 \u2013 Personnel who are entitled to\u00a0<em>invitation letter\u00a0<\/em>And\u00a0<em>education\/training plan<\/em>\u00a0deadline for submitting to the coordinator\u00a0<strong>(If the invitation letter is not delivered by the specified date, the employee in question will lose their right and the right will be given to the reserve candidates.)<\/strong><\/div>\n<\/div>\n<\/div>\n<\/div>","protected":false},"excerpt":{"rendered":"<p>4 Nisan 2022 tarihinde ilan edilen\u00a02020 ERASMUS+ KA103 (PROGRAM \u00dcLKELER\u0130) PERSONEL HAREKETL\u0130L\u0130\u011e\u0130 \u0130LE 2020 T\u00dcRK\u0130YE KONSORS\u0130YUMU: AVRUPA\u2019YA A\u00c7ILAN YED\u0130 KAPI PROJELER\u0130 BA\u015eVURUSU\u00a0ba\u015fl\u0131kl\u0131 ilan\u0131n sonu\u00e7lar\u0131 20 May\u0131s 2022 tarihinde\u00a02020 Erasmus KA103 Personel Hareketlili\u011fi Sonu\u00e7lar\u0131\u00a0ba\u015f\u0131kl\u0131 duyuru ile a\u00e7\u0131klanm\u0131\u015ft\u0131.\u00a0 An\u0131lan sonu\u00e7 duyurusunda feragat eden adaylar\u0131n yerine a\u015fa\u011f\u0131da isimleri belirtilen yedek adaylar hak kazanm\u0131\u015ft\u0131r. PERSONEL DERS VERME HAREKETL\u0130L\u0130\u011e\u0130 (STA) [&hellip;]<\/p>\n","protected":false},"author":1,"featured_media":0,"comment_status":"closed","ping_status":"open","sticky":false,"template":"","format":"standard","meta":{"advanced_seo_description":"","jetpack_seo_html_title":"","jetpack_seo_noindex":false,"jetpack_seo_schema_type":"","_jetpack_newsletter_access":"","_jetpack_dont_email_post_to_subs":false,"_jetpack_newsletter_tier_id":0,"_jetpack_memberships_contains_paywalled_content":false,"_jetpack_feature_clip_id":0,"_jetpack_memberships_contains_paid_content":false,"footnotes":"","jetpack_post_was_ever_published":false},"categories":[41,43,40,44,47,57],"tags":[],"class_list":["post-3002","post","type-post","status-publish","format-standard","hentry","category-erasmus","category-out","category-calls","category-ka131_out","category-ka131_out_sta","category-ka131_out_sta_res"],"blocksy_meta":{"styles_descriptor":{"styles":{"desktop":"","tablet":"","mobile":""},"google_fonts":[],"version":7}},"jetpack_sharing_enabled":true,"jetpack_shortlink":"https:\/\/wp.me\/pfKvKT-Mq","jetpack_featured_media_url":"","_links":{"self":[{"href":"https:\/\/erasmus.cumhuriyet.edu.tr\/en\/wp-json\/wp\/v2\/posts\/3002","targetHints":{"allow":["GET"]}}],"collection":[{"href":"https:\/\/erasmus.cumhuriyet.edu.tr\/en\/wp-json\/wp\/v2\/posts"}],"about":[{"href":"https:\/\/erasmus.cumhuriyet.edu.tr\/en\/wp-json\/wp\/v2\/types\/post"}],"author":[{"embeddable":true,"href":"https:\/\/erasmus.cumhuriyet.edu.tr\/en\/wp-json\/wp\/v2\/users\/1"}],"replies":[{"embeddable":true,"href":"https:\/\/erasmus.cumhuriyet.edu.tr\/en\/wp-json\/wp\/v2\/comments?post=3002"}],"version-history":[{"count":1,"href":"https:\/\/erasmus.cumhuriyet.edu.tr\/en\/wp-json\/wp\/v2\/posts\/3002\/revisions"}],"predecessor-version":[{"id":3003,"href":"https:\/\/erasmus.cumhuriyet.edu.tr\/en\/wp-json\/wp\/v2\/posts\/3002\/revisions\/3003"}],"wp:attachment":[{"href":"https:\/\/erasmus.cumhuriyet.edu.tr\/en\/wp-json\/wp\/v2\/media?parent=3002"}],"wp:term":[{"taxonomy":"category","embeddable":true,"href":"https:\/\/erasmus.cumhuriyet.edu.tr\/en\/wp-json\/wp\/v2\/categories?post=3002"},{"taxonomy":"post_tag","embeddable":true,"href":"https:\/\/erasmus.cumhuriyet.edu.tr\/en\/wp-json\/wp\/v2\/tags?post=3002"}],"curies":[{"name":"wp","href":"https:\/\/api.w.org\/{rel}","templated":true}]}}