{"id":2978,"date":"2023-08-09T15:50:02","date_gmt":"2023-08-09T12:50:02","guid":{"rendered":"https:\/\/erasmus.cumhuriyet.edu.tr\/?p=2978"},"modified":"2023-11-07T22:23:51","modified_gmt":"2023-11-07T19:23:51","slug":"2023-2024-egitim-ogretim-yili-erasmus-hareketliligi-takvimi","status":"publish","type":"post","link":"https:\/\/erasmus.cumhuriyet.edu.tr\/en\/2023-2024-egitim-ogretim-yili-erasmus-hareketliligi-takvimi\/","title":{"rendered":"2023-2024 E\u011fitim-\u00d6\u011fretim Y\u0131l\u0131 Erasmus+ Hareketlili\u011fi Takvimi"},"content":{"rendered":"<p>[vc_row][vc_column][vc_column_text]2023-2024 E\u011fitim-\u00d6\u011fretim Y\u0131l\u0131nda planlanan ola\u011fan Erasmus+ hareketlilik ilanlar\u0131n\u0131n s\u00fcre\u00e7 takvimlerine a\u015fa\u011f\u0131daki tablolardan ula\u015fabilirsiniz.[\/vc_column_text][vc_tta_accordion style=&#8221;flat&#8221; active_section=&#8221;0&#8243; collapsible_all=&#8221;true&#8221;][vc_tta_section i_icon_fontawesome=&#8221;fas fa-user-graduate&#8221; add_icon=&#8221;true&#8221; title=&#8221;KA131 \u00d6\u011frenci Hareketlili\u011fi&#8221; tab_id=&#8221;ka131std&#8221;][vc_column_text]<div id=\"footable_parent_2992\"\n         class=\" footable_parent ninja_table_wrapper loading_ninja_table wp_table_data_press_parent semantic_ui \">\n                <table data-ninja_table_instance=\"ninja_table_instance_0\" data-footable_id=\"2992\" data-filter-delay=\"1000\" aria-label=\"2023-12-04 2023, 2024 KA131 STD Takvim\"            id=\"footable_2992\"\n           data-unique_identifier=\"ninja_table_unique_id_3697887952_2992\"\n           class=\" foo-table ninja_footable foo_table_2992 ninja_table_unique_id_3697887952_2992 ui table  nt_type_ajax_table selectable striped compact vertical_centered  footable-paging-right ninja_table_search_disabled\">\n                <colgroup>\n                            <col class=\"ninja_column_0 \">\n                            <col class=\"ninja_column_1 \">\n                    <\/colgroup>\n            <\/table>\n    \n    \n    \n<\/div>\n[\/vc_column_text][\/vc_tta_section][vc_tta_section i_icon_fontawesome=&#8221;fas fa-user-tie&#8221; add_icon=&#8221;true&#8221; title=&#8221;KA131 Personel Hareketlili\u011fi&#8221; tab_id=&#8221;ka131sta&#8221;][vc_column_text]<\/p>\n<h3>Uluslararas\u0131 Hareketlilik \u0130lan\u0131<\/h3>\n<p>[\/vc_column_text][vc_column_text]<div id=\"footable_parent_2981\"\n         class=\" footable_parent ninja_table_wrapper loading_ninja_table wp_table_data_press_parent semantic_ui \">\n                <table data-ninja_table_instance=\"ninja_table_instance_1\" data-footable_id=\"2981\" data-filter-delay=\"1000\" aria-label=\"2023-08-07 2021 KA131 STT IM Takvim\"            id=\"footable_2981\"\n           data-unique_identifier=\"ninja_table_unique_id_4092130975_2981\"\n           class=\" foo-table ninja_footable foo_table_2981 ninja_table_unique_id_4092130975_2981 ui table  nt_type_ajax_table selectable striped compact vertical_centered  footable-paging-right ninja_table_search_disabled\">\n                <colgroup>\n                            <col class=\"ninja_column_0 \">\n                            <col class=\"ninja_column_1 \">\n                    <\/colgroup>\n            <\/table>\n    \n    \n    \n<\/div>\n[\/vc_column_text][vc_column_text]<\/p>\n<h3>AB \u00dcye \u00dclkeleri ile Programla \u0130li\u015fkiler \u00dclkeler \u0130lan\u0131<\/h3>\n<p>[\/vc_column_text][vc_column_text]<div id=\"footable_parent_2993\"\n         class=\" footable_parent ninja_table_wrapper loading_ninja_table wp_table_data_press_parent semantic_ui \">\n                <table data-ninja_table_instance=\"ninja_table_instance_2\" data-footable_id=\"2993\" data-filter-delay=\"1000\" aria-label=\"2024-01-01 2021 KA131 STF Takvim\"            id=\"footable_2993\"\n           data-unique_identifier=\"ninja_table_unique_id_310479293_2993\"\n           class=\" foo-table ninja_footable foo_table_2993 ninja_table_unique_id_310479293_2993 ui table  nt_type_ajax_table selectable striped compact vertical_centered  footable-paging-right ninja_table_search_disabled\">\n                <colgroup>\n                            <col class=\"ninja_column_0 \">\n                            <col class=\"ninja_column_1 \">\n                    <\/colgroup>\n            <\/table>\n    \n    \n    \n<\/div>\n[\/vc_column_text][\/vc_tta_section][vc_tta_section i_icon_fontawesome=&#8221;fas fa-user-graduate&#8221; add_icon=&#8221;true&#8221; title=&#8221;KA171 \u00d6\u011frenci Hareketlili\u011fi&#8221; tab_id=&#8221;ka171std&#8221;][vc_column_text]KA171 kapsam\u0131nda giden y\u00f6nl\u00fc \u00f6\u011frenci hareketlili\u011fi planlanmamaktad\u0131r.[\/vc_column_text][\/vc_tta_section][vc_tta_section i_icon_fontawesome=&#8221;fas fa-user-tie&#8221; add_icon=&#8221;true&#8221; title=&#8221;KA171 Personel Hareketlili\u011fi&#8221; tab_id=&#8221;ka171sta&#8221;][vc_column_text]<div id=\"footable_parent_3387\"\n         class=\" footable_parent ninja_table_wrapper loading_ninja_table wp_table_data_press_parent semantic_ui \">\n                <table data-ninja_table_instance=\"ninja_table_instance_3\" data-footable_id=\"3387\" data-filter-delay=\"1000\" aria-label=\"2023-10-16 2022, 2023 KA171 Personel \u0130lan\u0131 Takvimi\"            id=\"footable_3387\"\n           data-unique_identifier=\"ninja_table_unique_id_2959689089_3387\"\n           class=\" foo-table ninja_footable foo_table_3387 ninja_table_unique_id_2959689089_3387 ui table  nt_type_ajax_table selectable striped compact vertical_centered  footable-paging-right ninja_table_search_disabled\">\n                <colgroup>\n                            <col class=\"ninja_column_0 \">\n                            <col class=\"ninja_column_1 \">\n                    <\/colgroup>\n            <\/table>\n    \n    \n    \n<\/div>\n[\/vc_column_text][\/vc_tta_section][\/vc_tta_accordion][vc_column_text]<\/p>\n<ul>\n<li>Erasmus+ Kurum Koordinat\u00f6rl\u00fc\u011f\u00fc gerekli g\u00f6rd\u00fc\u011f\u00fc hallerde takvimde de\u011fi\u015fiklik yapabilir.<\/li>\n<\/ul>\n<p>[\/vc_column_text][\/vc_column][\/vc_row]<\/p>\n","protected":false},"excerpt":{"rendered":"<p>[vc_row][vc_column][vc_column_text]2023-2024 E\u011fitim-\u00d6\u011fretim Y\u0131l\u0131nda planlanan ola\u011fan Erasmus+ hareketlilik ilanlar\u0131n\u0131n s\u00fcre\u00e7 takvimlerine a\u015fa\u011f\u0131daki tablolardan ula\u015fabilirsiniz.[\/vc_column_text][vc_tta_accordion style=&#8221;flat&#8221; active_section=&#8221;0&#8243; collapsible_all=&#8221;true&#8221;][vc_tta_section i_icon_fontawesome=&#8221;fas fa-user-graduate&#8221; add_icon=&#8221;true&#8221; title=&#8221;KA131 \u00d6\u011frenci Hareketlili\u011fi&#8221; tab_id=&#8221;ka131std&#8221;][vc_column_text][\/vc_column_text][\/vc_tta_section][vc_tta_section i_icon_fontawesome=&#8221;fas fa-user-tie&#8221; add_icon=&#8221;true&#8221; title=&#8221;KA131 Personel Hareketlili\u011fi&#8221; tab_id=&#8221;ka131sta&#8221;][vc_column_text] Uluslararas\u0131 Hareketlilik \u0130lan\u0131 [\/vc_column_text][vc_column_text][\/vc_column_text][vc_column_text] AB \u00dcye \u00dclkeleri ile Programla \u0130li\u015fkiler \u00dclkeler \u0130lan\u0131 [\/vc_column_text][vc_column_text][\/vc_column_text][\/vc_tta_section][vc_tta_section i_icon_fontawesome=&#8221;fas fa-user-graduate&#8221; add_icon=&#8221;true&#8221; title=&#8221;KA171 \u00d6\u011frenci Hareketlili\u011fi&#8221; tab_id=&#8221;ka171std&#8221;][vc_column_text]KA171 kapsam\u0131nda giden y\u00f6nl\u00fc \u00f6\u011frenci hareketlili\u011fi [&hellip;]<\/p>\n","protected":false},"author":1,"featured_media":0,"comment_status":"closed","ping_status":"open","sticky":false,"template":"","format":"standard","meta":{"_gspb_post_css":"","footnotes":""},"categories":[41,90],"tags":[],"class_list":["post-2978","post","type-post","status-publish","format-standard","hentry","category-erasmus","category-calendar"],"blocksy_meta":[],"_links":{"self":[{"href":"https:\/\/erasmus.cumhuriyet.edu.tr\/en\/wp-json\/wp\/v2\/posts\/2978","targetHints":{"allow":["GET"]}}],"collection":[{"href":"https:\/\/erasmus.cumhuriyet.edu.tr\/en\/wp-json\/wp\/v2\/posts"}],"about":[{"href":"https:\/\/erasmus.cumhuriyet.edu.tr\/en\/wp-json\/wp\/v2\/types\/post"}],"author":[{"embeddable":true,"href":"https:\/\/erasmus.cumhuriyet.edu.tr\/en\/wp-json\/wp\/v2\/users\/1"}],"replies":[{"embeddable":true,"href":"https:\/\/erasmus.cumhuriyet.edu.tr\/en\/wp-json\/wp\/v2\/comments?post=2978"}],"version-history":[{"count":5,"href":"https:\/\/erasmus.cumhuriyet.edu.tr\/en\/wp-json\/wp\/v2\/posts\/2978\/revisions"}],"predecessor-version":[{"id":3461,"href":"https:\/\/erasmus.cumhuriyet.edu.tr\/en\/wp-json\/wp\/v2\/posts\/2978\/revisions\/3461"}],"wp:attachment":[{"href":"https:\/\/erasmus.cumhuriyet.edu.tr\/en\/wp-json\/wp\/v2\/media?parent=2978"}],"wp:term":[{"taxonomy":"category","embeddable":true,"href":"https:\/\/erasmus.cumhuriyet.edu.tr\/en\/wp-json\/wp\/v2\/categories?post=2978"},{"taxonomy":"post_tag","embeddable":true,"href":"https:\/\/erasmus.cumhuriyet.edu.tr\/en\/wp-json\/wp\/v2\/tags?post=2978"}],"curies":[{"name":"wp","href":"https:\/\/api.w.org\/{rel}","templated":true}]}}