{"id":2768,"date":"2023-05-12T16:30:00","date_gmt":"2023-05-12T13:30:00","guid":{"rendered":"https:\/\/erasmus.cumhuriyet.edu.tr\/?p=2768"},"modified":"2023-05-14T05:22:22","modified_gmt":"2023-05-14T02:22:22","slug":"erasmus-uluslararasi-personel-haftasi-duzenlendi","status":"publish","type":"post","link":"https:\/\/erasmus.cumhuriyet.edu.tr\/en\/erasmus-uluslararasi-personel-haftasi-duzenlendi\/","title":{"rendered":"Erasmus+ Uluslararas\u0131 Personel Haftas\u0131 D\u00fczenlendi"},"content":{"rendered":"<p>[vc_row][vc_column][vc_column_text]\u00dcniversitemiz, 8-12 May\u0131s 2023 tarihleri aras\u0131nda Erasmus+ Kurum Koordinat\u00f6rl\u00fc\u011f\u00fc taraf\u0131ndan d\u00fczenlenen Uluslararas\u0131 Personel Haftas\u0131 etkinliklerine ev sahipli\u011fi yapt\u0131.<\/p>\n<p>Etkinli\u011fe Arnavutluk, Karada\u011f, Fas, Filistin, \u00dcrd\u00fcn, Moldova, G\u00fcrcistan, Sudan, Somali, Gana, Etiyopya, Nepal, Rusya Federasyonu, Ukrayna, Cezayir, Birle\u015fik Krall\u0131k, Litvanya ve Polonya&#8217;dan toplam 48 akademik ve idari personel kat\u0131ld\u0131.<\/p>\n<p>A\u00e7\u0131l\u0131\u015f t\u00f6renine kat\u0131lan Rekt\u00f6r Vekili Prof. Dr. Hakan Yekba\u015f a\u00e7\u0131l\u0131\u015f konu\u015fmas\u0131nda Uluslararas\u0131 Personel Haftas\u0131 sebebiyle \u00fcniversitemizi ziyaret eden t\u00fcm kat\u0131l\u0131mc\u0131lara ve d\u00fczenleyicilere te\u015fekk\u00fcr etti. Yekba\u015f, konu\u015fmas\u0131n\u0131n devam\u0131nda \u00fcniversitemizin uluslararas\u0131la\u015fma hedefleri do\u011frultusunda \u00e7al\u0131\u015fmalar\u0131na h\u0131z kesmeden devam edeceklerini ifade etti.<\/p>\n<p>Uluslararas\u0131 \u0130li\u015fkiler Ofisi Ba\u015fkan\u0131 Prof. Dr. Ali Aksu ise konu\u015fmas\u0131nda \u00fcniversitelerinin uluslararas\u0131la\u015fma stratejisine dair g\u00fcncel bilgiler verdi. Avrupa Birli\u011fi d\u0131\u015f\u0131ndaki 33 farkl\u0131 \u00fclkedeki bir\u00e7ok \u00fcniversiteyle i\u015f birli\u011fi yapt\u0131klar\u0131n\u0131 ve \u00e7e\u015fitli etkinliklerle \u00fcniversitelerinin uluslararas\u0131 alanda tan\u0131n\u0131rl\u0131\u011f\u0131n\u0131 art\u0131rmak i\u00e7in \u00e7al\u0131\u015ft\u0131klar\u0131n, uluslararas\u0131 \u00f6\u011frenci say\u0131lar\u0131n\u0131n artt\u0131\u011f\u0131n\u0131 ve yakla\u015f\u0131k 85 farkl\u0131 \u00fclkeden 4.000 yabanc\u0131 lisans ve lisans\u00fcst\u00fc \u00f6\u011frencileri oldu\u011funu belirtti. Aksu, Erasmus anla\u015fmalar\u0131n\u0131n yan\u0131 s\u0131ra Azerbaycan, \u0130ran ve Tunus&#8217;taki \u00fcniversitelerle \u00e7ift diploma anla\u015fmalar\u0131 yapt\u0131klar\u0131n\u0131 s\u00f6yleyerek Erasmus program\u0131n\u0131n \u00fcniversitelerin uluslararas\u0131la\u015fmas\u0131nda \u00f6nemli bir rol oynad\u0131\u011f\u0131n\u0131 vurgulad\u0131. Konu\u015fmas\u0131nda, T\u00fcrkiye\u2019de Erasmus projelerinde en fazla fon alan \u00fcniversitelerinden birisi olduklar\u0131n\u0131 ve her y\u0131l yakla\u015f\u0131k 400.000 Euro&#8217;luk hibe ald\u0131klar\u0131n\u0131 belirtti. Aksu, program\u0131n ger\u00e7ekle\u015fmesinde eme\u011fi olan t\u00fcm Erasmus ekibine ve kat\u0131l\u0131mc\u0131lara te\u015fekk\u00fcr ederek gelecekte uluslararas\u0131 projelerde ve i\u015f birliklerinde bulunmay\u0131 umduklar\u0131n\u0131 s\u00f6yledi.<\/p>\n<p>Program\u0131n 9 May\u0131s&#8217;ta ger\u00e7ekle\u015fen ikinci g\u00fcn\u00fcnde ise kat\u0131l\u0131mc\u0131lar kendi \u00fcniversitelerini sunumlarla tan\u0131tt\u0131lar. Ayr\u0131ca Erasmus+ Kurum Koordinat\u00f6rl\u00fc\u011f\u00fcnde g\u00f6revli \u00d6\u011fr. G\u00f6r. Murat Ercan taraf\u0131ndan &#8220;Uluslararas\u0131la\u015fmada Dijitalle\u015fme&#8221; ve \u00d6\u011fr. G\u00f6r. Emre Seven taraf\u0131ndan &#8220;K\u00fclt\u00fcrleraras\u0131 \u0130leti\u015fim&#8221; konular\u0131nda seminer verildi.<\/p>\n<p>Program, gelen kat\u0131l\u0131mc\u0131lar\u0131n uzmanl\u0131k alanlar\u0131na g\u00f6re hafta boyunca yapacaklar\u0131 akademik ve idari ziyaretlerle devam etti. 11 May\u0131s Per\u015fembe g\u00fcn\u00fc ise G\u00fcr\u00fcn ve Kangal gezileri d\u00fczenlendi. 12 May\u0131s\u2019ta Rekt\u00f6r\u00fcm\u00fcz Prof. Dr. Alim Y\u0131ld\u0131z\u2019\u0131n kat\u0131l\u0131m\u0131yla ger\u00e7ekle\u015ftirilen kapan\u0131\u015f program\u0131yla kat\u0131l\u0131mc\u0131lara sertifikalar\u0131 takdim edilerek sona erdi.<\/p>\n<p>Etkinliklere destek veren ESN Cumhuriyet (CS) ve Cumhuriyet Erasmus Club Toplulu\u011fu \u00fcyesi g\u00f6n\u00fcll\u00fc \u00f6\u011frencilerimize te\u015fekk\u00fcr ederiz.[\/vc_column_text][\/vc_column][\/vc_row][vc_row][vc_column width=&#8221;1\/6&#8243;][\/vc_column][vc_column width=&#8221;4\/6&#8243;][vc_gallery interval=&#8221;3&#8243; images=&#8221;2772,2771,2770,2769&#8243; img_size=&#8221;full&#8221;][vc_video link=&#8221;https:\/\/www.youtube.com\/watch?v=Lht7bnuc_kM&#8221; align=&#8221;center&#8221;][vc_video link=&#8221;https:\/\/www.youtube.com\/watch?v=V_q9b-J2hAo&#8221; align=&#8221;center&#8221;][\/vc_column][vc_column width=&#8221;1\/6&#8243;][\/vc_column][\/vc_row]<\/p>\n","protected":false},"excerpt":{"rendered":"<p>[vc_row][vc_column][vc_column_text]\u00dcniversitemiz, 8-12 May\u0131s 2023 tarihleri aras\u0131nda Erasmus+ Kurum Koordinat\u00f6rl\u00fc\u011f\u00fc taraf\u0131ndan d\u00fczenlenen Uluslararas\u0131 Personel Haftas\u0131 etkinliklerine ev sahipli\u011fi yapt\u0131. Etkinli\u011fe Arnavutluk, Karada\u011f, Fas, Filistin, \u00dcrd\u00fcn, Moldova, G\u00fcrcistan, Sudan, Somali, Gana, Etiyopya, Nepal, Rusya Federasyonu, Ukrayna, Cezayir, Birle\u015fik Krall\u0131k, Litvanya ve Polonya&#8217;dan toplam 48 akademik ve idari personel kat\u0131ld\u0131. A\u00e7\u0131l\u0131\u015f t\u00f6renine kat\u0131lan Rekt\u00f6r Vekili Prof. Dr. Hakan [&hellip;]<\/p>\n","protected":false},"author":1,"featured_media":2769,"comment_status":"closed","ping_status":"open","sticky":false,"template":"","format":"standard","meta":{"_gspb_post_css":"","footnotes":""},"categories":[94],"tags":[],"class_list":["post-2768","post","type-post","status-publish","format-standard","has-post-thumbnail","hentry","category-news"],"blocksy_meta":[],"_links":{"self":[{"href":"https:\/\/erasmus.cumhuriyet.edu.tr\/en\/wp-json\/wp\/v2\/posts\/2768","targetHints":{"allow":["GET"]}}],"collection":[{"href":"https:\/\/erasmus.cumhuriyet.edu.tr\/en\/wp-json\/wp\/v2\/posts"}],"about":[{"href":"https:\/\/erasmus.cumhuriyet.edu.tr\/en\/wp-json\/wp\/v2\/types\/post"}],"author":[{"embeddable":true,"href":"https:\/\/erasmus.cumhuriyet.edu.tr\/en\/wp-json\/wp\/v2\/users\/1"}],"replies":[{"embeddable":true,"href":"https:\/\/erasmus.cumhuriyet.edu.tr\/en\/wp-json\/wp\/v2\/comments?post=2768"}],"version-history":[{"count":5,"href":"https:\/\/erasmus.cumhuriyet.edu.tr\/en\/wp-json\/wp\/v2\/posts\/2768\/revisions"}],"predecessor-version":[{"id":2793,"href":"https:\/\/erasmus.cumhuriyet.edu.tr\/en\/wp-json\/wp\/v2\/posts\/2768\/revisions\/2793"}],"wp:featuredmedia":[{"embeddable":true,"href":"https:\/\/erasmus.cumhuriyet.edu.tr\/en\/wp-json\/wp\/v2\/media\/2769"}],"wp:attachment":[{"href":"https:\/\/erasmus.cumhuriyet.edu.tr\/en\/wp-json\/wp\/v2\/media?parent=2768"}],"wp:term":[{"taxonomy":"category","embeddable":true,"href":"https:\/\/erasmus.cumhuriyet.edu.tr\/en\/wp-json\/wp\/v2\/categories?post=2768"},{"taxonomy":"post_tag","embeddable":true,"href":"https:\/\/erasmus.cumhuriyet.edu.tr\/en\/wp-json\/wp\/v2\/tags?post=2768"}],"curies":[{"name":"wp","href":"https:\/\/api.w.org\/{rel}","templated":true}]}}