{"id":2429,"date":"2023-04-03T09:00:18","date_gmt":"2023-04-03T06:00:18","guid":{"rendered":"https:\/\/erasmus.cumhuriyet.edu.tr\/?p=2429"},"modified":"2023-05-16T16:37:53","modified_gmt":"2023-05-16T13:37:53","slug":"erasmus-ogrenci-hareketliligi-yedek-yerlestirme-sonucu-hak-kazanan-adaylara-yonelik-oryantasyon-toplantisi-ogrenim-hareketliligi-donem-beyani-19-12-2022-tarihli-ilan","status":"publish","type":"post","link":"https:\/\/erasmus.cumhuriyet.edu.tr\/en\/erasmus-ogrenci-hareketliligi-yedek-yerlestirme-sonucu-hak-kazanan-adaylara-yonelik-oryantasyon-toplantisi-ogrenim-hareketliligi-donem-beyani-19-12-2022-tarihli-ilan\/","title":{"rendered":"Erasmus+ \u00d6\u011frenci Hareketlili\u011fi Yedek Yerle\u015ftirme Sonucu Hak Kazanan Adaylara Y\u00f6nelik Oryantasyon Toplant\u0131s\u0131 &#038; \u00d6\u011frenim Hareketlili\u011fi D\u00f6nem Beyan\u0131 (19.12.2022 Tarihli \u0130lan)"},"content":{"rendered":"<div class=\"scu-page scu-page-inner\">\n<div class=\"scu-legacy-row scu-legacy-vc-row\">\n<div class=\"scu-legacy-col scu-col-1-1\">\n<div class=\"scu-accordion-group\">\n<details class=\"scu-accordion scu-legacy-vc-section\">\n<summary><span>Advertisement Information<\/span><i class=\"bi bi-chevron-down scu-accordion-arrow\" aria-hidden=\"true\"><\/i><\/summary>\n<div class=\"scu-accordion-content\">\n<h2 class=\"scu-legacy-heading\">ADVERTISEMENT INFORMATION<\/h2>\n<div class=\"scu-richtext\">ADVERTISEMENT NAME:\u00a0<strong>Erasmus+ Student Study and Traineeship Mobility Announcement<\/strong><\/p>\n<p>ADVERTISEMENT SUBTITLE:<strong>\u00a0KA131 (EU Member States and Third Countries Associated with the Programme) PROJECTS FOR 2022 &amp; 2023<\/strong><\/p>\n<p>PROJECT TYPE:\u00a0<strong>PROJECTS WITH A SINGLE OR MULTIPLE (CONSORTIUM) BENEFICIARIES<\/strong><\/p>\n<p>ANNOUNCEMENT PROJECT NO:\u00a0<strong>2022-1-TR01-KA131-HED-000057314, 2023-1-TR01-KA131-HED-0000XXXXX, 2022-TR01-KA131-HED-0000064914, 2022-TR01-KA131-HED-0000059267, 2023-TR01-KA131-HED-00000XXXXX<\/strong><\/p>\n<p>PUBLICATION DATE:\u00a0<strong>19.12.2022<\/strong><\/div>\n<\/div>\n<\/details>\n<\/div>\n<div class=\"scu-richtext\">\n<div class=\"elementToProof\">05.04.2023 \u00c7ar\u015famba g\u00fcn\u00fc saat 14.00&#8217;te Erasmus+ \u00d6\u011frenci \u00d6\u011frenim Hareketlili\u011fi, 06.04.2023 Per\u015fembe g\u00fcn\u00fc saat 14.00&#8217;te Erasmus+ \u00d6\u011frenci Staj Hareketlili\u011fi Yedek Yerle\u015ftirme Sonucu yedekten hak kazanan \u00f6\u011frencilere y\u00f6nelik s\u00fcre\u00e7 ile ilgili oryantasyon toplant\u0131s\u0131 yap\u0131lacakt\u0131r. Bu toplant\u0131lara hak kazanan adaylar\u0131n kat\u0131lmas\u0131 zorunlu olup kat\u0131lmayanlar hakk\u0131nda ilgili mevzuat gere\u011fi yapt\u0131r\u0131m uygulan\u0131r. Toplant\u0131 Microsoft Teams uygulamas\u0131 \u00fczerinden ger\u00e7ekle\u015ftirilecektir. Teams uygulamas\u0131na kurumsal \u00f6\u011frenci e-posta adresiniz ile girmeniz gerekmektedir. Tan\u0131mlamalar otomatik yap\u0131lm\u0131\u015ft\u0131r ve Teams uygulamas\u0131nda ilgili Ekip \u00f6\u011frencilerin ekran\u0131nda g\u00f6r\u00fcnt\u00fclenecektir. \u0130lgili tarih ve saatlerde yedekten hak kazanan \u00f6\u011frencilerin toplant\u0131ya kat\u0131l\u0131mlar\u0131 \u00f6nem arz etmektedir.<\/div>\n<div class=\"elementToProof\"><\/div>\n<\/div>\n<\/div>\n<\/div>\n<div class=\"scu-legacy-row scu-legacy-vc-row\">\n<div class=\"scu-legacy-col scu-col-1-2\">\n<div class=\"scu-card scu-legacy-cta\">Tarih: 05.04.2023 \u00c7ar\u015famba<br \/>\nSaat: 14.00<br \/>\nOrtam: Microsoft Teams<\/div>\n<\/div>\n<div class=\"scu-legacy-col scu-col-1-2\">\n<div class=\"scu-card scu-legacy-cta\">Tarih: 06.04.2023 Per\u015fembe<br \/>\nSaat: 14.00<br \/>\nOrtam: Microsoft Teams<\/div>\n<\/div>\n<\/div>\n<\/div>","protected":false},"excerpt":{"rendered":"<p>\u0130lan Bilgileri \u0130LAN B\u0130LG\u0130LER\u0130 \u0130LAN ADI:\u00a0ERASMUS+ \u00d6\u011eRENC\u0130 \u00d6\u011eREN\u0130M VE STAJ HAREKETL\u0130L\u0130\u011e\u0130 \u0130LANI \u0130LAN ALT BA\u015eLI\u011eI:\u00a02022 &amp; 2023 YILLARI KA131 (AB \u00dcye \u00dclkeleri ve Programla \u0130li\u015fkili \u00dc\u00e7\u00fcnc\u00fc \u00dclkeler) PROJELER\u0130 PROJE T\u00dcR\u00dc:\u00a0TEK ve B\u0130RDEN FAZLA (KONSORS\u0130YUM) YARARLANICILI PROJELER \u0130LAN PROJE NO:\u00a02022-1-TR01-KA131-HED-000057314, 2023-1-TR01-KA131-HED-0000XXXXX, 2022-TR01-KA131-HED-0000064914, 2022-TR01-KA131-HED-0000059267, 2023-TR01-KA131-HED-00000XXXXX \u0130LAN TAR\u0130H\u0130:\u00a019.12.2022 05.04.2023 \u00c7ar\u015famba g\u00fcn\u00fc saat 14.00&#8217;te Erasmus+ \u00d6\u011frenci \u00d6\u011frenim Hareketlili\u011fi, 06.04.2023 [&hellip;]<\/p>\n","protected":false},"author":1,"featured_media":0,"comment_status":"closed","ping_status":"open","sticky":false,"template":"","format":"standard","meta":{"advanced_seo_description":"","jetpack_seo_html_title":"","jetpack_seo_noindex":false,"jetpack_seo_schema_type":"","_jetpack_newsletter_access":"","_jetpack_dont_email_post_to_subs":false,"_jetpack_newsletter_tier_id":0,"_jetpack_memberships_contains_paywalled_content":false,"_jetpack_feature_clip_id":0,"_jetpack_memberships_contains_paid_content":false,"footnotes":"","jetpack_post_was_ever_published":false},"categories":[86],"tags":[],"class_list":["post-2429","post","type-post","status-publish","format-standard","hentry","category-student-announcements"],"blocksy_meta":{"styles_descriptor":{"styles":{"desktop":"","tablet":"","mobile":""},"google_fonts":[],"version":7}},"jetpack_sharing_enabled":true,"jetpack_shortlink":"https:\/\/wp.me\/pfKvKT-Db","jetpack_featured_media_url":"","_links":{"self":[{"href":"https:\/\/erasmus.cumhuriyet.edu.tr\/en\/wp-json\/wp\/v2\/posts\/2429","targetHints":{"allow":["GET"]}}],"collection":[{"href":"https:\/\/erasmus.cumhuriyet.edu.tr\/en\/wp-json\/wp\/v2\/posts"}],"about":[{"href":"https:\/\/erasmus.cumhuriyet.edu.tr\/en\/wp-json\/wp\/v2\/types\/post"}],"author":[{"embeddable":true,"href":"https:\/\/erasmus.cumhuriyet.edu.tr\/en\/wp-json\/wp\/v2\/users\/1"}],"replies":[{"embeddable":true,"href":"https:\/\/erasmus.cumhuriyet.edu.tr\/en\/wp-json\/wp\/v2\/comments?post=2429"}],"version-history":[{"count":2,"href":"https:\/\/erasmus.cumhuriyet.edu.tr\/en\/wp-json\/wp\/v2\/posts\/2429\/revisions"}],"predecessor-version":[{"id":2431,"href":"https:\/\/erasmus.cumhuriyet.edu.tr\/en\/wp-json\/wp\/v2\/posts\/2429\/revisions\/2431"}],"wp:attachment":[{"href":"https:\/\/erasmus.cumhuriyet.edu.tr\/en\/wp-json\/wp\/v2\/media?parent=2429"}],"wp:term":[{"taxonomy":"category","embeddable":true,"href":"https:\/\/erasmus.cumhuriyet.edu.tr\/en\/wp-json\/wp\/v2\/categories?post=2429"},{"taxonomy":"post_tag","embeddable":true,"href":"https:\/\/erasmus.cumhuriyet.edu.tr\/en\/wp-json\/wp\/v2\/tags?post=2429"}],"curies":[{"name":"wp","href":"https:\/\/api.w.org\/{rel}","templated":true}]}}