{"id":2408,"date":"2023-03-31T14:12:05","date_gmt":"2023-03-31T11:12:05","guid":{"rendered":"https:\/\/erasmus.cumhuriyet.edu.tr\/?p=2408"},"modified":"2023-03-31T14:26:06","modified_gmt":"2023-03-31T11:26:06","slug":"erasmus-ogrenci-hareketliligi-yedek-yerlestirme-sonuclari-2022-2023-ka131","status":"publish","type":"post","link":"https:\/\/erasmus.cumhuriyet.edu.tr\/en\/erasmus-ogrenci-hareketliligi-yedek-yerlestirme-sonuclari-2022-2023-ka131\/","title":{"rendered":"ERASMUS+ STUDENT MOBILITY WAITING LIST PLACEMENT RESULTS (2022, 2023 KA131)"},"content":{"rendered":"<div class=\"scu-page scu-page-inner\">\n<div class=\"scu-legacy-row scu-legacy-vc-row\">\n<div class=\"scu-legacy-col scu-col-1-1\">\n<div class=\"scu-accordion-group\">\n<details class=\"scu-accordion scu-legacy-vc-section\">\n<summary><span>Advertisement Information<\/span><i class=\"bi bi-chevron-down scu-accordion-arrow\" aria-hidden=\"true\"><\/i><\/summary>\n<div class=\"scu-accordion-content\">\n<h2 class=\"scu-legacy-heading\">ADVERTISEMENT INFORMATION<\/h2>\n<div class=\"scu-richtext\">ADVERTISEMENT NAME: <strong>Erasmus+ Student Study and Traineeship Mobility Announcement<\/strong><\/p>\n<p>ADVERTISEMENT SUBTITLE:<strong> KA131 (EU Member States and Third Countries Associated with the Programme) PROJECTS FOR 2022 &amp; 2023<\/strong><\/p>\n<p>PROJECT TYPE: <strong>PROJECTS WITH A SINGLE OR MULTIPLE (CONSORTIUM) BENEFICIARIES<\/strong><\/p>\n<p>ANNOUNCEMENT PROJECT NO: <strong>2022-1-TR01-KA131-HED-000057314, 2023-1-TR01-KA131-HED-0000XXXXX, 2022-TR01-KA131-HED-0000064914, 2022-TR01-KA131-HED-0000059267, 2023-TR01-KA131-HED-00000XXXXX<\/strong><\/p>\n<p>PUBLICATION DATE: <strong>19.12.2022<\/strong><\/div>\n<p><a class=\"scu-btn is-turquoise\" href=\"https:\/\/erasmus.cumhuriyet.edu.tr\/en\/erasmus-ogrenci-hareketliligi-ilani-2022-2023-ka131\/#dates\" target=\"_blank\" rel=\"noopener\">Click here to access the relevant advertisement.<\/a><\/div>\n<\/details>\n<\/div>\n<hr class=\"scu-divider\">\n<h2 class=\"scu-legacy-heading\">RESPONSIBLE PERSONNEL<\/h2>\n<div class=\"scu-accordion-group\">\n<details class=\"scu-accordion scu-legacy-vc-section\">\n<summary><span>Student Learning Mobility Officer<\/span><i class=\"bi bi-chevron-down scu-accordion-arrow\" aria-hidden=\"true\"><\/i><\/summary>\n<div class=\"scu-accordion-content\">\n<div class=\"scu-legacy-row scu-legacy-vc-row-inner\">\n<div class=\"scu-legacy-col scu-col-1-6\">\n<figure class=\"scu-media\"><img data-recalc-dims=\"1\" decoding=\"async\" src=\"https:\/\/i0.wp.com\/erasmus.cumhuriyet.edu.tr\/wp-content\/uploads\/2022\/06\/profile_dolgac.jpg?w=1290&#038;ssl=1\" alt=\"\" loading=\"lazy\"><\/figure>\n<\/div>\n<div class=\"scu-legacy-col scu-col-5-6\">\n<div class=\"scu-richtext\">\n<h3><strong>Deniz OLGA\u00c7<\/strong><\/h3>\n<h4><strong>Student Learning Mobility Officer<\/strong><\/h4>\n<\/div>\n<p><a class=\"scu-btn\" href=\"https:\/\/erasmus.cumhuriyet.edu.tr\/en\/erasmus\/outgoing\/contact-form\/?ogr_per=%C3%96%C4%9ERENC%C4%B0&amp;ounit=KA131%20SMS%20-%20Avrupa%20i%C3%A7i%20Giden%20%C3%96%C4%9Frenci%20%C3%96%C4%9Frenim%20Hareketlili%C4%9Fi%20Birimi%20(Deniz%20Olga%C3%A7)\" target=\"_blank\" rel=\"noopener\">Contact Us<\/a><\/div>\n<\/div>\n<\/div>\n<\/details>\n<details class=\"scu-accordion scu-legacy-vc-section\">\n<summary><span>Student Trainee Mobility Coordinator<\/span><i class=\"bi bi-chevron-down scu-accordion-arrow\" aria-hidden=\"true\"><\/i><\/summary>\n<div class=\"scu-accordion-content\">\n<div class=\"scu-legacy-row scu-legacy-vc-row-inner\">\n<div class=\"scu-legacy-col scu-col-1-6\">\n<figure class=\"scu-media\"><img data-recalc-dims=\"1\" decoding=\"async\" src=\"https:\/\/i0.wp.com\/erasmus.cumhuriyet.edu.tr\/wp-content\/uploads\/2022\/06\/profile_aceran.jpg?w=1290&#038;ssl=1\" alt=\"\" loading=\"lazy\"><\/figure>\n<\/div>\n<div class=\"scu-legacy-col scu-col-5-6\">\n<div class=\"scu-richtext\">\n<h3><strong>Ay\u015fe CERAN<\/strong><\/h3>\n<h4><strong>Student Trainee Mobility Coordinator<\/strong><\/h4>\n<\/div>\n<p><a class=\"scu-btn\" href=\"https:\/\/erasmus.cumhuriyet.edu.tr\/en\/erasmus\/outgoing\/contact-form\/?ogr_per=%C3%96%C4%9ERENC%C4%B0&amp;ounit=KA131%20SMP%20-%20Avrupa%20i%C3%A7i%20Giden%20%C3%96%C4%9Frenci%20Staj%20Hareketlili%C4%9Fi%20Birimi%20(Ay%C5%9Fe%20Ceran)\" target=\"_blank\" rel=\"noopener\">Contact Us<\/a><\/div>\n<\/div>\n<\/div>\n<\/details>\n<\/div>\n<hr class=\"scu-divider\">\n<h2 class=\"scu-legacy-heading\">EVALUATION RESULTS<\/h2>\n<div class=\"scu-richtext\">Yedek yerle\u015ftirme sonu\u00e7lar\u0131na a\u015fa\u011f\u0131daki butonlara t\u0131klayarak ula\u015fabilirsiniz.<\/p>\n<p><strong style=\"color: red;\">Hareketlili\u011fi ger\u00e7ekle\u015ftirmeye hak kazanan adaylar\u0131n 03.04.2023 saat 17.00&#8217;ye kadar kat\u0131l\u0131m beyan\u0131 formunu doldurmalar\u0131 gerekmektedir. Hareketlili\u011fi ger\u00e7ekle\u015ftirmekten vazge\u00e7en adaylar\u0131n ise feragat dilek\u00e7esini doldurmalar\u0131 gerekmektedir. \u0130lgili formlar sayfan\u0131n alt\u0131nda bulunmaktad\u0131r.<\/strong><\/div>\n<hr class=\"scu-divider\">\n<div class=\"scu-alert is-warning\">\n<div class=\"scu-alert-icon\"><i class=\"bi bi-info-circle\" aria-hidden=\"true\"><\/i><\/div>\n<div class=\"scu-alert-body\"><strong>\u00d6\u011frenim hareketlili\u011fine hak kazanan adaylar\u0131n hareketlilik s\u00fcreleri bir d\u00f6nem ile s\u0131n\u0131rl\u0131d\u0131r.<\/strong><br \/>\n<strong style=\"color: red;\">\u00d6\u011frenim hareketlili\u011finden hak kazanan adaylar\u0131n 03.04.2023 saat 17.00&#8217;ye kadar d\u00f6nem tercihinde bulunmas\u0131 gerekmektedir. Belirtilen tarihe kadar d\u00f6nem tercihi yapmayan kat\u0131l\u0131mc\u0131lar\u0131n d\u00f6nem tercihi Koordinat\u00f6rl\u00fc\u011f\u00fcm\u00fcz ve kar\u015f\u0131 kurumun uygun g\u00f6rd\u00fc\u011f\u00fc bir d\u00f6nem olarak belirlenecektir. D\u00f6nem tercihi i\u00e7in: <a href=\"https:\/\/forms.office.com\/r\/nz8Eaay8CS\" target=\"_blank\" rel=\"noopener\">https:\/\/forms.office.com\/r\/nz8Eaay8CS<\/a><\/strong><\/div>\n<\/div>\n<p><a class=\"scu-btn\" href=\"https:\/\/cumhuriyetedutr-my.sharepoint.com\/:b:\/g\/personal\/erasmus_cumhuriyet_edu_tr\/EZkbO3n5QH9OiHF0myVbH6YBv26ITOPwu4G6GA5ugvtekg?e=xqhaZU\" target=\"_blank\" rel=\"noopener\">SMS &#8211; \u00d6\u011eRENC\u0130 \u00d6\u011eREN\u0130M HAREKETL\u0130L\u0130\u011e\u0130 YEDEK YERLE\u015eT\u0130RME SONU\u00c7LARI (PDF)<\/a><a class=\"scu-btn\" href=\"https:\/\/cumhuriyetedutr-my.sharepoint.com\/:b:\/g\/personal\/erasmus_cumhuriyet_edu_tr\/EcIqySdeOO1DqPyLyBJRcDEBQjrcJAo_qlpIN0AAI75V1A?e=r4LNsg\" target=\"_blank\" rel=\"noopener\">SMP &#8211; \u00d6\u011eRENC\u0130 STAJ HAREKETL\u0130L\u0130\u011e\u0130 YEDEK YERLE\u015eT\u0130RME SONU\u00c7LARI (PDF)<\/a><\/p>\n<div class=\"scu-alert is-danger\">\n<div class=\"scu-alert-icon\"><i class=\"bi bi-info-circle\" aria-hidden=\"true\"><\/i><\/div>\n<div class=\"scu-alert-body\">\n<h4 align=\"justify\"><strong style=\"color: red;\">The 2023 Contribution Agreement between Turkey and the European Commission has not yet been signed. Therefore, your application for Erasmus+ student mobility, whether you are selected for the program with or without funding, does not constitute a vested right. Whether you will receive funding, and the amount of that funding, will be finalized once the agreement with the European Commission is signed and the subsequent funding allocation process for your university is completed. Your university or the Turkish National Agency cannot be held responsible for any financial or non-financial losses resulting from delays or disruptions in these agreement processes.<\/strong><\/h4>\n<\/div>\n<\/div>\n<div class=\"scu-accordion-group\">\n<details class=\"scu-accordion scu-legacy-vc-section\">\n<summary><span>Erasmus+ Selection Committee Decision<\/span><i class=\"bi bi-chevron-down scu-accordion-arrow\" aria-hidden=\"true\"><\/i><\/summary>\n<div class=\"scu-accordion-content\">\n<div class=\"scu-richtext\">19.12.2022 tarihinde \u201cERASMUS+ \u00d6\u011eRENC\u0130 HAREKETL\u0130L\u0130\u011e\u0130 \u0130LANI (2022, 2023 KA131)\u201d ba\u015fl\u0131\u011f\u0131 ile yay\u0131nlanan 2022 KA131 \u00d6\u011frenci \u00d6\u011frenim ve Staj (AB \u00dcye \u00dclkeleri ve Programla \u0130li\u015fkili \u00dc\u00e7\u00fcnc\u00fc \u00dclkeler) Hareketlili\u011fi ilan\u0131na yap\u0131lan ba\u015fvurular\u0131n yedek yerle\u015ftirmelerini de\u011ferlendirmek amac\u0131yla 05.12.2022 tarih ve 236837 say\u0131l\u0131 yaz\u0131 ile Sivas Cumhuriyet \u00dcniversitesi Rekt\u00f6rl\u00fc\u011f\u00fc taraf\u0131ndan atanan \u00fcyelerin \u00fc\u00e7\u00fcnden olu\u015fan Erasmus+ Se\u00e7im Komisyonu Uluslararas\u0131 \u0130li\u015fkiler Ofisi Ba\u015fkan\u0131 Prof. Dr. Ali AKSU ba\u015fkanl\u0131\u011f\u0131nda 31.03.2023 tarihinde saat 09.30\u2019da toplanm\u0131\u015f ve ekli listede yer alan \u00d6\u011frenci Hareketlili\u011fi De\u011ferlendirme Sonu\u00e7lar\u0131n\u0131n uygun oldu\u011funa karar vermi\u015ftir.<\/p>\n<p>Birim bazl\u0131 kontenjan da\u011f\u0131l\u0131m\u0131 yap\u0131l\u0131rken as\u0131l olarak ve yedekten hak kazanan adaylar\u0131n toplam say\u0131s\u0131n\u0131n asgari ko\u015fullar\u0131 sa\u011flayan \u00f6\u011frenci say\u0131lar\u0131na oranlar\u0131na bak\u0131larak t\u00fcm birimlerde bu oranlar\u0131n y\u00fczdesel olarak birbirlerine yak\u0131n olmas\u0131na dikkat edilmi\u015ftir. B\u00f6l\u00fcm\/ABD bazl\u0131 kontenjan\u0131n da\u011f\u0131t\u0131lmas\u0131nda ise ilgili b\u00f6l\u00fcmden al\u0131nan ba\u015fvuru say\u0131s\u0131, b\u00f6l\u00fcmde ger\u00e7ekle\u015ftirilmi\u015f hareketlilik say\u0131lar\u0131, anla\u015fma kontenjanlar\u0131, aday\u0131n \u00f6nceki kat\u0131l\u0131m durumu ve E+YDS (s\u00f6zl\u00fc ve \u00e7oktan se\u00e7meli) puan\u0131 gibi unsurlar g\u00f6z \u00f6n\u00fcnde bulundurulmu\u015ftur.<\/p>\n<p>Bu ba\u015fvurular\u0131n de\u011ferlendirilmesi ve nihai karar a\u015famas\u0131nda t\u00fcm ba\u015fvuru sahipleri ile Se\u00e7im Komisyonu \u00fcyelerinin tarafs\u0131zl\u0131\u011f\u0131n\u0131 etkileyebilecek herhangi bir ki\u015fisel ili\u015fki bulunmamaktad\u0131r. Karar \u015feffafl\u0131k kurallar\u0131na uygun bir \u015fekilde\u00a0verilmi\u015ftir.<\/p><\/div>\n<\/div>\n<\/details>\n<\/div>\n<hr class=\"scu-divider\">\n<h2 class=\"scu-legacy-heading\">WORKFLOW<\/h2>\n<div class=\"scu-accordion-group\">\n<details class=\"scu-accordion scu-legacy-vc-section\">\n<summary><span>Things to do before you go<\/span><i class=\"bi bi-chevron-down scu-accordion-arrow\" aria-hidden=\"true\"><\/i><\/summary>\n<div class=\"scu-accordion-content\">\n<div class=\"scu-richtext\">\n<ol>\n<li>Candidates who are primarily selected must complete a declaration of participation online within the specified dates if they will participate, or a waiver form if they will not participate. Candidates on the reserve list do not need to take any action.<\/li>\n<li>Candidates who declare their intention to participate in the mobility program will receive an email from the relevant staff member regarding the workflow.<\/li>\n<li>An orientation meeting for students is organized by the Coordination Office. Attendance at the meeting is mandatory; those who do not attend will be subject to sanctions in accordance with the relevant legislation.<\/li>\n<li>Candidates who are selected for the internship mobility program must submit their internship invitation letter by the specified date. Candidates who fail to submit their invitation letter by the specified date will be considered to have forfeited their rights, sanctions will be applied in accordance with the relevant legislation, and if deemed necessary, the opportunity will be given to alternates.<\/li>\n<li>The nomination process for candidates who are accepted for study mobility is handled by the Coordination Office. Following the nomination process, if the host institution accepts the student, an invitation letter is requested from the relevant university and sent to the participant.<\/li>\n<li>Participants undertaking study mobility visit the website of the host university to conduct research and learn about the institution&#039;s academic calendar, courses, department coordinator, admission requirements, necessary documents, and application procedures, and then complete the relevant processes.<\/li>\n<li>All participants are required to use their institutional email addresses (studentnumber@cumhuriyet.edu.tr) in the European Commission information systems. Participants who do not have an institutional email address or have forgotten their password can obtain a new password from the Information Technology Department&#039;s website.<\/li>\n<li>Participants undertaking learning mobility register on the following systems: SC\u00dcPortal, YETK\u0130M, OLA, EU|Academy, and ErasmusApp. After registration, the OLA form is completed and signed with the assistance of the unit coordinator. Once the participant signs the OLA online, the document appears in the unit coordinator&#039;s system. The unit coordinator reviews the OLA and either signs or rejects it. If rejected, the OLA appears on the student&#039;s screen, requesting corrections. The OLA signed by the unit coordinator is sent to the coordinator at the host institution. After the host institution&#039;s unit coordinator also signs, the OLA is completed. If the host institution is not yet using the OLA system, the OLA is completed as a Word file and processed with a wet signature.<\/li>\n<li>Participants undertaking an internship mobility program must complete the Internship Application Form and Traineeship Agreement (LA) available on the website. There is no OLA (Online Traineeship Agreement) for this internship mobility program. The LA for Traineeship document must be completed as a Word file. To ensure that the European Commission and the host institution can be notified of the participant&#039;s student registration, they must register with SC\u00dcPortal, YETK\u0130M, EU|Academy, and ErasmusApp systems.<\/li>\n<li>Before starting their mobility program, all participants are advised to register on the EU|Academy website and take the foreign language test to assess their language skills and obtain certification.<\/li>\n<li>After the completion of the OLA (Open Learning Agreement), the Academic Approval Form is filled out and signed by the participant, the Erasmus+ unit coordinator, and the Head of Department. The signed document is then submitted to our Coordination Office.<\/li>\n<li>If the student has a passport, they will apply for a visa individually with the eligibility\/grant and visa letter they will receive from our Coordination Office. Before applying for a visa, participants must obtain travel health insurance (internship participants must also obtain accident and liability insurance). Students without a passport will apply for a passport and start the visa process after receiving their passport. The visa fee is the responsibility of the participant.<\/li>\n<li>Vizesini alan \u00f6\u011frenci pasaport ve vizesi ile Koordinat\u00f6rl\u00fc\u011f\u00fcm\u00fcze ba\u015fvurur ve taahh\u00fctname ile hibe s\u00f6zle\u015fmesini imzalar. Kat\u0131l\u0131mc\u0131n\u0131n T\u00fcrkiye Vak\u0131flar Bankas\u0131 T.A.O.&#8217;da Vadesiz Avro hesab\u0131n\u0131n olmas\u0131 gerekmektedir. Hesab\u0131 olmayan kat\u0131l\u0131mc\u0131 hesab\u0131n\u0131 a\u00e7ar ve IBAN Bilgisi D\u00f6k\u00fcm\u00fcn\u00fc Koordinat\u00f6rl\u00fc\u011f\u00fcm\u00fcze teslim eder.\u00a0 Hibe s\u00f6zle\u015fmesinin her iki imzas\u0131 tamamland\u0131ktan sonra mevzuatta ve hibe s\u00f6zle\u015fmesinde belirtilen s\u00fcre i\u00e7erisinde kat\u0131l\u0131mc\u0131ya hibenin %80&#8217;i yat\u0131r\u0131l\u0131r. Hesab\u0131na hibesi yatan kat\u0131l\u0131mc\u0131 dekontu Koordinat\u00f6rl\u00fc\u011fe g\u00f6nderir.<\/li>\n<li>The cost of airfare is the responsibility of the participant. In accordance with the protocol between the Turkish National Agency and Turkish Airlines, students requesting a discount code should apply to my Coordinator&#039;s Office, and after completing the necessary procedures, they can generate the discount code themselves from the system.<\/li>\n<li>Upon arrival at the host institution, the participant signs the Arrival Document, scans it, and sends it to our Coordination Office. This document must be re-signed to include the departure date before returning to T\u00fcrkiye and submitted to our Coordination Office upon return.<\/li>\n<\/ol>\n<\/div>\n<\/div>\n<\/details>\n<details class=\"scu-accordion scu-legacy-vc-section\">\n<summary><span>Things to do after returning<\/span><i class=\"bi bi-chevron-down scu-accordion-arrow\" aria-hidden=\"true\"><\/i><\/summary>\n<div class=\"scu-accordion-content\">\n<div class=\"scu-richtext\">\n<ol>\n<li>To be added later.<\/li>\n<\/ol>\n<p><strong>Optionally, you can share visuals of the teaching or learning activities you conducted during your mobility period with our Coordination Office. The visuals you share will be used to publish them on our social media accounts and website.<\/strong><\/div>\n<\/div>\n<\/details>\n<\/div>\n<hr class=\"scu-divider\">\n<h2 class=\"scu-legacy-heading\">IMPORTANT DATES<\/h2>\n<div class=\"scu-richtext\"><strong>03.04.2023 17.00<\/strong>\u00a0\u2013 Deadline for Submitting the Declaration of Participation or Waiver<\/p>\n<p><strong>03.04.2023 17.00<\/strong> \u2013 \u00d6\u011frenci \u00d6\u011frenim Hareketlili\u011fi i\u00e7in D\u00f6nem Tercihi Formunun Doldurulmas\u0131 i\u00e7in Son Tarih<\/p>\n<p><strong>03.04.2023 17.00<\/strong> \u2013 Deadline for Submitting Appeals Against Evaluation Results<\/p>\n<p><strong>21.05.2023 17.00<\/strong>\u00a0\u2013 Deadline for Submission of Invitation Letter (Applicable to Student Traineeship Mobility)<\/p>\n<p><strong>30.09.2024<\/strong>\u00a0\u2013 The latest date by which the mobility must be completed.<\/div>\n<hr class=\"scu-divider\">\n<h2 class=\"scu-legacy-heading\">FORMS &amp; APPLICATIONS<\/h2>\n<div class=\"scu-alert is-warning\">\n<div class=\"scu-alert-icon\"><i class=\"bi bi-info-circle\" aria-hidden=\"true\"><\/i><\/div>\n<div class=\"scu-alert-body\">\n<h3><strong>All forms must be completed electronically via our website.<\/strong><\/h3>\n<h5><strong>In accordance with the European Commission&#039;s &quot;Paperless Erasmus+&quot; decision, physical documents are no longer accepted. Only documents that cannot be prepared digitally will be accepted physically.<\/strong><\/h5>\n<\/div>\n<\/div>\n<div class=\"scu-alert is-info\">\n<div class=\"scu-alert-icon\"><i class=\"bi bi-info-circle\" aria-hidden=\"true\"><\/i><\/div>\n<div class=\"scu-alert-body\">\n<h3><strong>Contact the Erasmus+ Institutional Coordinator<\/strong><\/h3>\n<h5><strong>You can ask all your questions via the CONTACT FORM linked below. For questions regarding staff mobility, you can direct them to the relevant staff member by selecting the appropriate unit on the form. Communication with our Coordination Office must be established through this form. Messages sent to our Coordination Office&#039;s email address will not be considered.<\/strong><br \/>\n<strong>You can also send your invitation letters and other scanned documents to the relevant personnel using this form.<\/strong><\/h5>\n<\/div>\n<\/div>\n<div class=\"scu-legacy-row scu-legacy-vc-row-inner\">\n<div class=\"scu-legacy-col scu-col-1-2\"><a class=\"scu-btn\" href=\"https:\/\/erasmus.cumhuriyet.edu.tr\/en\/erasmus\/outgoing\/student\/docs\/declaration\/?call-name=19.12.2022%20TAR\u0130HL\u0130%20ERASMUS%20\u00d6\u011eRENC\u0130%20HAREKETL\u0130L\u0130\u011e\u0130%20\u0130LANI%20(2022,%202023%20KA131)&amp;ktlm_durum=Kat\u0131laca\u011f\u0131m\u0131%20beyan%20ediyorum\" target=\"_blank\" rel=\"noopener\">Click here for the PARTICIPATION DECLARATION.<\/a><\/p>\n<div class=\"scu-spacer\" style=\"--scu-space:1px\" aria-hidden=\"true\"><\/div>\n<p><a class=\"scu-btn\" href=\"https:\/\/erasmus.cumhuriyet.edu.tr\/en\/erasmus\/outgoing\/student\/docs\/declaration\/?call-name=19.12.2022%20TAR\u0130HL\u0130%20ERASMUS%20\u00d6\u011eRENC\u0130%20HAREKETL\u0130L\u0130\u011e\u0130%20\u0130LANI%20(2022,%202023%20KA131)&amp;ktlm_durum=Hakk\u0131mdan%20feragat%20ediyorum%20(kat\u0131lmayaca\u011f\u0131m)\" target=\"_blank\" rel=\"noopener\">Click here for the waiver form.<\/a><\/p>\n<div class=\"scu-spacer\" style=\"--scu-space:1px\" aria-hidden=\"true\"><\/div>\n<p><a class=\"scu-btn is-green\" href=\"\/en\/erasmus\/outgoing\/student\/docs\/\" target=\"_blank\" rel=\"noopener\">Click here to access ALL DIGITAL FORMS.<\/a><\/p>\n<div class=\"scu-spacer\" style=\"--scu-space:1px\" aria-hidden=\"true\"><\/div>\n<p><a class=\"scu-btn\" href=\"https:\/\/cumhuriyetedutr-my.sharepoint.com\/:w:\/g\/personal\/erasmus_cumhuriyet_edu_tr\/EU33WoBYGcpIo3RE8MuvgooBfMeMDaTgpYwXMQDzmZakXg?e=eVSDGe\" target=\"_blank\" rel=\"noopener\">Click here for a SAMPLE INVITATION LETTER.<\/a><\/div>\n<div class=\"scu-legacy-col scu-col-1-2\"><a class=\"scu-btn\" href=\"https:\/\/erasmus.cumhuriyet.edu.tr\/en\/erasmus\/outgoing\/contact-form\/?ogr_per=\u00d6\u011eRENC\u0130\" target=\"_blank\" rel=\"noopener\">Click here for the CONTACT FORM.<\/a><\/p>\n<div class=\"scu-spacer\" style=\"--scu-space:1px\" aria-hidden=\"true\"><\/div>\n<p><a class=\"scu-btn is-accent\" href=\"https:\/\/erasmus.cumhuriyet.edu.tr\/en\/erasmus\/outgoing\/petition\/?ogr_per=\u00d6\u011eRENC\u0130&amp;topic=19.12.2022%20TAR\u0130HL\u0130%20ERASMUS%20\u00d6\u011eRENC\u0130%20HAREKETL\u0130L\u0130\u011e\u0130%20\u0130LANININ%20(2022,%202023%20KA131)%2031.03.2023%20TAR\u0130HL\u0130%20YEDEK%20YERLE\u015eT\u0130RME%20SONU\u00c7LARINA%20\u0130T\u0130RAZ\" target=\"_blank\" rel=\"noopener\">Click here for the OBJECTION FORM.<\/a><\/p>\n<div class=\"scu-spacer\" style=\"--scu-space:1px\" aria-hidden=\"true\"><\/div>\n<p><a class=\"scu-btn is-warning\" href=\"https:\/\/erasmus.cumhuriyet.edu.tr\/en\/erasmus\/outgoing\/petition\/?ogr_per=\u00d6\u011eRENC\u0130\" target=\"_blank\" rel=\"noopener\">Click here for the GENERAL PURPOSE PETITION.<\/a><\/div>\n<\/div>\n<div class=\"scu-richtext\"><strong>* In case of any discrepancy between the data on this page and the PDF version of the advertisement text, the PDF version shall prevail.<\/strong><\/div>\n<\/div>\n<\/div>\n<div class=\"scu-legacy-row scu-legacy-vc-row\">\n<div class=\"scu-legacy-col scu-col-1-1\"><\/div>\n<\/div>\n<\/div>","protected":false},"excerpt":{"rendered":"<p>\u0130lan Bilgileri \u0130LAN B\u0130LG\u0130LER\u0130 \u0130LAN ADI: ERASMUS+ \u00d6\u011eRENC\u0130 \u00d6\u011eREN\u0130M VE STAJ HAREKETL\u0130L\u0130\u011e\u0130 \u0130LANI \u0130LAN ALT BA\u015eLI\u011eI: 2022 &amp; 2023 YILLARI KA131 (AB \u00dcye \u00dclkeleri ve Programla \u0130li\u015fkili \u00dc\u00e7\u00fcnc\u00fc \u00dclkeler) PROJELER\u0130 PROJE T\u00dcR\u00dc: TEK ve B\u0130RDEN FAZLA (KONSORS\u0130YUM) YARARLANICILI PROJELER \u0130LAN PROJE NO: 2022-1-TR01-KA131-HED-000057314, 2023-1-TR01-KA131-HED-0000XXXXX, 2022-TR01-KA131-HED-0000064914, 2022-TR01-KA131-HED-0000059267, 2023-TR01-KA131-HED-00000XXXXX \u0130LAN TAR\u0130H\u0130: 19.12.2022 \u0130lgili ilana ula\u015fmak i\u00e7in t\u0131klay\u0131n [&hellip;]<\/p>\n","protected":false},"author":1,"featured_media":0,"comment_status":"closed","ping_status":"open","sticky":false,"template":"","format":"standard","meta":{"advanced_seo_description":"","jetpack_seo_html_title":"","jetpack_seo_noindex":false,"jetpack_seo_schema_type":"","_jetpack_newsletter_access":"","_jetpack_dont_email_post_to_subs":false,"_jetpack_newsletter_tier_id":0,"_jetpack_memberships_contains_paywalled_content":false,"_jetpack_feature_clip_id":0,"_jetpack_memberships_contains_paid_content":false,"footnotes":"","jetpack_post_was_ever_published":false},"categories":[41,43,40,44,46,59],"tags":[],"class_list":["post-2408","post","type-post","status-publish","format-standard","hentry","category-erasmus","category-out","category-calls","category-ka131_out","category-ka131_out_std","category-ka131_out_std_res"],"blocksy_meta":{"styles_descriptor":{"styles":{"desktop":"","tablet":"","mobile":""},"google_fonts":[],"version":7}},"jetpack_sharing_enabled":true,"jetpack_shortlink":"https:\/\/wp.me\/pfKvKT-CQ","jetpack_featured_media_url":"","_links":{"self":[{"href":"https:\/\/erasmus.cumhuriyet.edu.tr\/en\/wp-json\/wp\/v2\/posts\/2408","targetHints":{"allow":["GET"]}}],"collection":[{"href":"https:\/\/erasmus.cumhuriyet.edu.tr\/en\/wp-json\/wp\/v2\/posts"}],"about":[{"href":"https:\/\/erasmus.cumhuriyet.edu.tr\/en\/wp-json\/wp\/v2\/types\/post"}],"author":[{"embeddable":true,"href":"https:\/\/erasmus.cumhuriyet.edu.tr\/en\/wp-json\/wp\/v2\/users\/1"}],"replies":[{"embeddable":true,"href":"https:\/\/erasmus.cumhuriyet.edu.tr\/en\/wp-json\/wp\/v2\/comments?post=2408"}],"version-history":[{"count":6,"href":"https:\/\/erasmus.cumhuriyet.edu.tr\/en\/wp-json\/wp\/v2\/posts\/2408\/revisions"}],"predecessor-version":[{"id":2420,"href":"https:\/\/erasmus.cumhuriyet.edu.tr\/en\/wp-json\/wp\/v2\/posts\/2408\/revisions\/2420"}],"wp:attachment":[{"href":"https:\/\/erasmus.cumhuriyet.edu.tr\/en\/wp-json\/wp\/v2\/media?parent=2408"}],"wp:term":[{"taxonomy":"category","embeddable":true,"href":"https:\/\/erasmus.cumhuriyet.edu.tr\/en\/wp-json\/wp\/v2\/categories?post=2408"},{"taxonomy":"post_tag","embeddable":true,"href":"https:\/\/erasmus.cumhuriyet.edu.tr\/en\/wp-json\/wp\/v2\/tags?post=2408"}],"curies":[{"name":"wp","href":"https:\/\/api.w.org\/{rel}","templated":true}]}}