{"id":2391,"date":"2023-02-27T09:00:04","date_gmt":"2023-02-27T06:00:04","guid":{"rendered":"https:\/\/erasmus.cumhuriyet.edu.tr\/?p=2391"},"modified":"2023-03-27T09:59:29","modified_gmt":"2023-03-27T06:59:29","slug":"erasmus-personel-hareketliligi-ilani-1-yedek-yerlestirme-sonuclari-2022-ka171","status":"publish","type":"post","link":"https:\/\/erasmus.cumhuriyet.edu.tr\/en\/erasmus-personel-hareketliligi-ilani-1-yedek-yerlestirme-sonuclari-2022-ka171\/","title":{"rendered":"ERASMUS+ STAFF MOBILITY ANNOUNCEMENT - 1ST RESERVE PLACEMENT RESULTS (2022 KA171)"},"content":{"rendered":"<div class=\"scu-page scu-page-inner\">\n<div class=\"scu-legacy-row scu-legacy-vc-row\">\n<div class=\"scu-legacy-col scu-col-1-1\">\n<h2 class=\"scu-legacy-heading\">\u0130LAN B\u0130LG\u0130LER\u0130<\/h2>\n<div class=\"scu-richtext\">\u0130LAN ADI:\u00a0<strong>ERASMUS+ PERSONEL DERS VERME VE E\u011e\u0130T\u0130M ALMA HAREKETL\u0130L\u0130\u011e\u0130 \u0130LANI<\/strong><\/p>\n<p>\u0130LAN ALT BA\u015eLI\u011eI:<strong> KA171 (Programla \u0130li\u015fkili Olmayan \u00dc\u00e7\u00fcnc\u00fc \u00dclkeler) 2022 PROJES\u0130<\/strong><\/p>\n<p>PROJE T\u00dcR\u00dc: <strong>TEK YARARLANICILI PROJELER<\/strong><\/p>\n<p>\u0130LAN PROJE NO: <strong>2022-1-TR01-KA171-HED-000069692<\/strong><\/p>\n<p>\u0130LAN TAR\u0130H\u0130: <strong>02.01.2023<\/strong><\/div>\n<p><a class=\"scu-btn is-turquoise\" href=\"\/erasmus-personel-hareketliligi-ilani-2022-ka171\/\" target=\"_blank\" rel=\"noopener\">\u0130lgili ilana ula\u015fmak i\u00e7in t\u0131klay\u0131n<\/a><\/p>\n<hr class=\"scu-divider\">\n<h2 class=\"scu-legacy-heading\">DE\u011eERLEND\u0130RME SONU\u00c7LARI<\/h2>\n<div class=\"scu-richtext\">02.01.2023 tarihli Erasmus+ Personel Hareketlili\u011fi (2022 KA171 &#8211; Uluslararas\u0131 Kredi Hareketlili\u011fi \/ Programla \u0130li\u015fkili Olmayan \u00dc\u00e7\u00fcnc\u00fc \u00dclkeler) ilan\u0131n\u0131n 1. yedek yerle\u015ftirme sonu\u00e7lar\u0131 a\u015fa\u011f\u0131dad\u0131r.<\/p>\n<p><strong style=\"color: red;\">Hak kazanan adaylar\u0131n 06.03.2023 tarihine kadar kat\u0131l\u0131m beyan\u0131 veya feragat dilek\u00e7esini \u00e7evrim i\u00e7i olarak teslim etmesi gerekmektedir. Belirtilen s\u00fcre i\u00e7erisinde ilgili formlardan birini doldurmayan adaylar haklar\u0131n\u0131 kaybederler.<\/strong><\/p>\n<p><strong style=\"color: red;\">Ayr\u0131nt\u0131lar i\u00e7in \u00d6NEML\u0130 TAR\u0130HLER b\u00f6l\u00fcm\u00fcn\u00fc inceleyiniz.<\/strong><\/div>\n<hr class=\"scu-divider\">\n<h2 class=\"scu-legacy-heading\">KA171 &#8211; Avrupa d\u0131\u015f\u0131 Giden Y\u00f6nl\u00fc T\u00fcm Hareketlilikler Sorumlusu<\/h2>\n<div class=\"scu-legacy-row scu-legacy-vc-row-inner\">\n<div class=\"scu-legacy-col scu-col-1-6\">\n<div class=\"scu-media-missing\" data-attachment-id=\"129\"><\/div>\n<\/div>\n<div class=\"scu-legacy-col scu-col-5-6\">\n<h4 class=\"scu-legacy-heading\">\u00d6\u011fr. G\u00f6r. Adem Demir<\/h4>\n<div class=\"scu-richtext\">Dahili No: <strong>2674<\/strong><br \/>\nD\u0131\u015f Hat: <strong>+90 (346) 487 2674<\/strong><br \/>\nE-Posta: <a href=\"mailto:ademdemir@cumhuriyet.edu.tr\" target=\"_blank\" rel=\"noopener\"><strong>ademdemir@cumhuriyet.edu.tr<\/strong><\/a><\/div>\n<\/div>\n<\/div>\n<hr class=\"scu-divider\"><a class=\"scu-btn \" href=\"https:\/\/cumhuriyetedutr-my.sharepoint.com\/:b:\/g\/personal\/erasmus_cumhuriyet_edu_tr\/Ee_K0I61P7ZAupt-qWeDh9sB9oXxUX3TOqaY5pxjY0QYrQ?e=aveO7i\" target=\"_blank\" rel=\"noopener\">STA &#8211; PERSONEL DERS VERME HAREKETL\u0130L\u0130\u011e\u0130 1. YEDEK YERLE\u015eT\u0130RME SONU\u00c7LARI (PDF)<\/a><a class=\"scu-btn \" href=\"https:\/\/cumhuriyetedutr-my.sharepoint.com\/:b:\/g\/personal\/erasmus_cumhuriyet_edu_tr\/ETcMcqCciyFNo0bm7gtJ-RsBoaFN_g0seO7bUFaCAc2xXw?e=XdP8YO\" target=\"_blank\" rel=\"noopener\">STT &#8211; PERSONEL E\u011e\u0130T\u0130M ALMA HAREKETL\u0130L\u0130\u011e\u0130 1. YEDEK YERLE\u015eT\u0130RME SONU\u00c7LARI (PDF)<\/a><\/p>\n<div class=\"scu-alert is-danger\">\n<div class=\"scu-alert-icon\"><i class=\"bi bi-info-circle\" aria-hidden=\"true\"><\/i><\/div>\n<div class=\"scu-alert-body\"><strong>Bu de\u011ferlendirme sonu\u00e7lar\u0131nda yedek stat\u00fcs\u00fcnde bulunanlar\u0131n, sonu\u00e7lar\u0131n a\u00e7\u0131klanmas\u0131n\u0131 takip eden bir y\u0131l i\u00e7erisinde ba\u015fka bir ilandan hareketlili\u011fe hak kazanmas\u0131 durumunda ilgili personele bu ilandan kat\u0131l\u0131mc\u0131 olarak hak verilmeyecektir.<\/strong><\/div>\n<\/div>\n<hr class=\"scu-divider\">\n<h2 class=\"scu-legacy-heading\">\u0130\u015e AKI\u015eI<\/h2>\n<div class=\"scu-accordion-group\">\n<details class=\"scu-accordion scu-legacy-vc-section\">\n<summary><span>Gitmeden \u00d6nce Yap\u0131lmas\u0131 Gerekenler<\/span><i class=\"bi bi-chevron-down scu-accordion-arrow\" aria-hidden=\"true\"><\/i><\/summary>\n<div class=\"scu-accordion-content\">\n<div class=\"scu-richtext\">\n<ol>\n<li>\u00d6nemli tarihler b\u00f6l\u00fcm\u00fcnde belirtilen s\u00fcre i\u00e7erisinde hareketlilik ger\u00e7ekle\u015ftirilecekse kat\u0131l\u0131m beyan\u0131 formunun, ger\u00e7ekle\u015ftirilmeyecekse feragat dilek\u00e7esi formunun doldurulmas\u0131,<\/li>\n<li>Belirtilen tarihe kadar kabul belgesi\/davet mektubunun teslim edilmesi (Belgede hak kazanan aday\u0131n ad\u0131 soyad\u0131, ger\u00e7ekle\u015ftirece\u011fi hareketlili\u011fin tarih aral\u0131\u011f\u0131, hareketlilik t\u00fcr\u00fc (ders verme veya e\u011fitim alma), kurum yetkilisinin imza ve m\u00fch\u00fcr\/ka\u015fesinin bulunmas\u0131 gerekmektedir.),<\/li>\n<li>Kabul belgesinin temini sonras\u0131 aday\u0131n g\u00f6rev yapt\u0131\u011f\u0131 birimden Y\u00f6netim Kurulu Karar\u0131 ile Rekt\u00f6rl\u00fck oluru al\u0131nmas\u0131,<\/li>\n<li>Hareketlilik Anla\u015fmas\u0131n\u0131n (Mobility Agreement) doldurulup imzaland\u0131ktan sonra ilgili personele teslim edilmesi,<\/li>\n<li>T\u00fcrkiye Vak\u0131flar Bankas\u0131 T.A.O. Cumhuriyet \u00dcniversitesi \u015eubesinden Vadesiz <strong>AVRO<\/strong> (\u20ac) hesab\u0131n\u0131n a\u00e7\u0131lmas\u0131 ve <strong>IBAN<\/strong> bilgisinin ilgili personele iletilmesi,<\/li>\n<li>Hibe s\u00f6zle\u015fmesinin (Grant Agreement) imzalanmas\u0131 gerekmektedir.<\/li>\n<\/ol>\n<\/div>\n<\/div>\n<\/details>\n<details class=\"scu-accordion scu-legacy-vc-section\">\n<summary><span>D\u00f6nd\u00fckten Sonra Yap\u0131lmas\u0131 Gerekenler<\/span><i class=\"bi bi-chevron-down scu-accordion-arrow\" aria-hidden=\"true\"><\/i><\/summary>\n<div class=\"scu-accordion-content\">\n<div class=\"scu-richtext\">\n<ol>\n<li>Kar\u015f\u0131 kurumdan al\u0131nm\u0131\u015f imzal\u0131 ve m\u00fch\u00fcrl\u00fc\/ka\u015feli Kat\u0131l\u0131m Sertifikas\u0131n\u0131n,<\/li>\n<li>Kat\u0131l\u0131mc\u0131 seyahat hibesi alm\u0131\u015f ise seyahat biletlerinin,<\/li>\n<li>Pasaport giri\u015f-\u00e7\u0131k\u0131\u015f kay\u0131tlar\u0131n\u0131n,<\/li>\n<li>Kat\u0131l\u0131mc\u0131n\u0131n yap\u0131lan \u00f6demeyi ald\u0131\u011f\u0131na dair ilgili banka dekontunun (bu i\u015flem hareketlilik \u00f6ncesi de yap\u0131labilir) teslim edilmesi gerekmektedir.<\/li>\n<\/ol>\n<p><strong>\u0130ste\u011fe ba\u011fl\u0131 olarak hareketlili\u011finizi ger\u00e7ekle\u015ftirirken yapm\u0131\u015f oldu\u011funuz \u00f6\u011fretim veya \u00f6\u011frenim faaliyetlerinin g\u00f6rsellerini Koordinat\u00f6rl\u00fc\u011f\u00fcm\u00fcz ile payla\u015fabilirsiniz. Payla\u015fm\u0131\u015f oldu\u011funuz g\u00f6rseller sosyal medya hesaplar\u0131m\u0131z ve a\u011f sitemizde yay\u0131nlanmak \u00fczere kullan\u0131lacakt\u0131r.<\/strong><\/div>\n<\/div>\n<\/details>\n<\/div>\n<hr class=\"scu-divider\">\n<h2 class=\"scu-legacy-heading\">\u00d6NEML\u0130 TAR\u0130HLER<\/h2>\n<div class=\"scu-richtext\"><strong>06.03.2023<\/strong> &#8211; Kat\u0131l\u0131m Beyan\u0131 veya Feragat Dilek\u00e7esi Teslimi i\u00e7in Son Tarih [1]<br \/>\n<strong>27.03.2023<\/strong> &#8211; Davet Mektubunun Teslimi i\u00e7in Son Tarih [2]<br \/>\n<strong>31.12.2023<\/strong> &#8211; Hareketlili\u011fin tamamlanmas\u0131 gereken en ge\u00e7 tarih [3]<\/p>\n<ol>\n<li>Kat\u0131l\u0131mc\u0131lar, Erasmus+ kapsam\u0131nda hak kazand\u0131klar\u0131 hareketlilikleri ger\u00e7ekle\u015ftirece\u011fine dair kat\u0131l\u0131m beyannamesi veya haklar\u0131ndan vazge\u00e7mek istediklerine dair feragat dilek\u00e7esi teslim etmek zorundad\u0131r. Bu belgeler sonu\u00e7lar\u0131n a\u00e7\u0131klanmas\u0131ndan itibaren 7 g\u00fcn i\u00e7erisinde teslim edilmelidir. S\u00fcresi i\u00e7erisinde belge teslimi yapmayan adaylara T.C. D\u0131\u015fi\u015fleri Bakanl\u0131\u011f\u0131 Avrupa Birli\u011fi Ba\u015fkanl\u0131\u011f\u0131 Avrupa Birli\u011fi E\u011fitim ve Gen\u00e7lik Programlar\u0131 Merkezi Ba\u015fkanl\u0131\u011f\u0131n\u0131n (T\u00fcrkiye Ulusal Ajans\u0131) yay\u0131nlam\u0131\u015f oldu\u011fu Erasmus+ Y\u00fcksek\u00f6\u011fretim Kurumlar\u0131 i\u00e7in El Kitab\u0131, T.C. Sivas Cumhuriyet \u00dcniversitesi Uluslararas\u0131 \u0130li\u015fkiler Ofisi Y\u00f6nergesi ile Erasmus Program\u0131 Y\u00f6nergesinde belirtilen h\u00fck\u00fcmler \u00e7er\u00e7evesinde yapt\u0131r\u0131mlar uygulan\u0131r.<\/li>\n<li>Belirtilen tarihe kadar davet mektubu teslim edilmedi\u011fi takdirde s\u00f6z konusu personel hakk\u0131n\u0131 kaybedecek ve yedeklere hak tan\u0131nacakt\u0131r.<\/li>\n<li>Bu tarihe kadar T\u00fcrkiye\u2019ye d\u00f6nm\u00fc\u015f ve t\u00fcm evraklar\u0131 teslim etmi\u015f olma zorunlulu\u011fu bulunmaktad\u0131r.<\/li>\n<\/ol>\n<\/div>\n<hr class=\"scu-divider\">\n<h2 class=\"scu-legacy-heading\">FORMLAR &#038; D\u0130LEK\u00c7ELER<\/h2>\n<div class=\"scu-alert is-warning\">\n<div class=\"scu-alert-icon\"><i class=\"bi bi-info-circle\" aria-hidden=\"true\"><\/i><\/div>\n<div class=\"scu-alert-body\">\n<h3><strong>T\u00fcm formlar elektronik olarak a\u011f sitemizden d\u00fczenlenmelidir.<\/strong><\/h3>\n<h5><strong>Avrupa Komisyonunun alm\u0131\u015f oldu\u011fu \u201cKa\u011f\u0131ts\u0131z Erasmus+\u201d karar\u0131 gere\u011fi fiziksel olarak evrak teslim al\u0131nmamaktad\u0131r. Yaln\u0131zca dijital olarak haz\u0131rlanmas\u0131 m\u00fcmk\u00fcn olmayan evraklar fiziksel olarak teslim al\u0131nacakt\u0131r.<\/strong><\/h5>\n<\/div>\n<\/div>\n<div class=\"scu-alert is-info\">\n<div class=\"scu-alert-icon\"><i class=\"bi bi-info-circle\" aria-hidden=\"true\"><\/i><\/div>\n<div class=\"scu-alert-body\">\n<h3><strong>Erasmus+ Kurum Koordinat\u00f6rl\u00fc\u011f\u00fc ile ileti\u015fim<\/strong><\/h3>\n<h5><strong>T\u00fcm sorular\u0131n\u0131z\u0131 a\u015fa\u011f\u0131da ba\u011flant\u0131s\u0131 bulunan \u0130LET\u0130\u015e\u0130M FORMU \u00fczerinden sorabilirsiniz. Personel hareketlili\u011fi ile ilgili sorular\u0131n\u0131z\u0131 formdaki ilgili birimi se\u00e7erek ilgili personele y\u00f6neltebilirsiniz. Koordinat\u00f6rl\u00fc\u011f\u00fcm\u00fcz ile ileti\u015fim bu form arac\u0131l\u0131\u011f\u0131yla kurulmal\u0131d\u0131r. Koordinat\u00f6rl\u00fc\u011f\u00fcm\u00fcz\u00fcn e-posta adresine g\u00f6nderilen iletiler dikkate al\u0131nmayacakt\u0131r.<\/strong><br \/>\n<strong>Davet mektuplar\u0131n\u0131z\u0131 ve di\u011fer taranm\u0131\u015f belgeleri de yine bu form vas\u0131tas\u0131 ile ilgili personele g\u00f6nderebilirsiniz.<\/strong><\/h5>\n<\/div>\n<\/div>\n<div class=\"scu-legacy-row scu-legacy-vc-row-inner\">\n<div class=\"scu-legacy-col scu-col-1-2\"><a class=\"scu-btn \" href=\"https:\/\/erasmus.cumhuriyet.edu.tr\/erasmus\/outgoing\/staff\/docs\/declaration\/?mobility-type=KA171%20STA%20(Avrupa%20d%C4%B1%C5%9F%C4%B1%20Ders%20Verme%20Hareketlili%C4%9Fi)&amp;ktlm_durum=Kat%C4%B1laca%C4%9F%C4%B1m%C4%B1%20beyan%20ediyorum&amp;call-name=02.01.2023%20TAR%C4%B0HL%C4%B0%20ERASMUS%20PERSONEL%20HAREKETL%C4%B0L%C4%B0%C4%9E%C4%B0%20%C4%B0LANI%20(2022%20KA171)\" target=\"_blank\" rel=\"noopener\">KATILIM BEYANI i\u00e7in t\u0131klay\u0131n\u0131z<\/a><\/p>\n<div class=\"scu-spacer\" style=\"--scu-space:1px\" aria-hidden=\"true\"><\/div>\n<p><a class=\"scu-btn \" href=\"https:\/\/erasmus.cumhuriyet.edu.tr\/erasmus\/outgoing\/staff\/docs\/declaration\/?mobility-type=KA171%20STA%20(Avrupa%20d%C4%B1%C5%9F%C4%B1%20Ders%20Verme%20Hareketlili%C4%9Fi)&amp;ktlm_durum=Hakk%C4%B1mdan%20feragat%20ediyorum%20(kat%C4%B1lmayaca%C4%9F%C4%B1m)&amp;call-name=02.01.2023%20TAR%C4%B0HL%C4%B0%20ERASMUS%20PERSONEL%20HAREKETL%C4%B0L%C4%B0%C4%9E%C4%B0%20%C4%B0LANI%20(2022%20KA171)\" target=\"_blank\" rel=\"noopener\">FERAGAT D\u0130LEK\u00c7ES\u0130 i\u00e7in t\u0131klay\u0131n\u0131z<\/a><\/p>\n<div class=\"scu-spacer\" style=\"--scu-space:1px\" aria-hidden=\"true\"><\/div>\n<p><a class=\"scu-btn is-green\" href=\"\/erasmus\/outgoing\/staff\/docs\/\" target=\"_blank\" rel=\"noopener\">T\u00dcM D\u0130J\u0130TAL FORMLARa ula\u015fmak i\u00e7in t\u0131klay\u0131n\u0131z<\/a><\/div>\n<div class=\"scu-legacy-col scu-col-1-2\"><a class=\"scu-btn \" href=\"https:\/\/erasmus.cumhuriyet.edu.tr\/erasmus\/outgoing\/contact-form\/?ogr_per=PERSONEL&amp;ounit=KA171%20-%20Avrupa%20d%C4%B1%C5%9F%C4%B1%20Giden%20%C3%96%C4%9Frenci%20ve%20Personel%20Hareketlilikleri%20Birimi%20(%C3%96%C4%9Fr.%20G%C3%B6r.%20Adem%20Demir)\" target=\"_blank\" rel=\"noopener\">\u0130LET\u0130\u015e\u0130M FORMU i\u00e7in t\u0131klay\u0131n\u0131z<\/a><\/p>\n<div class=\"scu-spacer\" style=\"--scu-space:1px\" aria-hidden=\"true\"><\/div>\n<p><a class=\"scu-btn is-warning\" href=\"https:\/\/erasmus.cumhuriyet.edu.tr\/erasmus\/outgoing\/petition\/?ogr_per=PERSONEL&amp;ounit=KA171%20-%20Avrupa%20d%C4%B1%C5%9F%C4%B1%20Giden%20%C3%96%C4%9Frenci%20ve%20Personel%20Hareketlilikleri%20Birimi&amp;topic=\" target=\"_blank\" rel=\"noopener\">GENEL AMA\u00c7LI D\u0130LEK\u00c7E i\u00e7in t\u0131klay\u0131n\u0131z<\/a><\/div>\n<\/div>\n<div class=\"scu-richtext\"><strong>* Bu sayfadaki veri ile ilan metninin PDF s\u00fcr\u00fcm\u00fc aras\u0131nda bir uyu\u015fmazl\u0131k olmas\u0131 durumunda PDF s\u00fcr\u00fcm\u00fc esas al\u0131n\u0131r.<\/strong><\/div>\n<\/div>\n<\/div>\n<\/div>\n","protected":false},"excerpt":{"rendered":"<p>\u0130LAN B\u0130LG\u0130LER\u0130 \u0130LAN ADI:\u00a0ERASMUS+ PERSONEL DERS VERME VE E\u011e\u0130T\u0130M ALMA HAREKETL\u0130L\u0130\u011e\u0130 \u0130LANI \u0130LAN ALT BA\u015eLI\u011eI: KA171 (Programla \u0130li\u015fkili Olmayan \u00dc\u00e7\u00fcnc\u00fc \u00dclkeler) 2022 PROJES\u0130 PROJE T\u00dcR\u00dc: TEK YARARLANICILI PROJELER \u0130LAN PROJE NO: 2022-1-TR01-KA171-HED-000069692 \u0130LAN TAR\u0130H\u0130: 02.01.2023 \u0130lgili ilana ula\u015fmak i\u00e7in t\u0131klay\u0131n DE\u011eERLEND\u0130RME SONU\u00c7LARI 02.01.2023 tarihli Erasmus+ Personel Hareketlili\u011fi (2022 KA171 &#8211; Uluslararas\u0131 Kredi Hareketlili\u011fi \/ Programla [&hellip;]<\/p>\n","protected":false},"author":1,"featured_media":0,"comment_status":"closed","ping_status":"open","sticky":false,"template":"","format":"standard","meta":{"advanced_seo_description":"","jetpack_seo_html_title":"","jetpack_seo_noindex":false,"jetpack_seo_schema_type":"","_jetpack_newsletter_access":"","_jetpack_dont_email_post_to_subs":false,"_jetpack_newsletter_tier_id":0,"_jetpack_memberships_contains_paywalled_content":false,"_jetpack_feature_clip_id":0,"_jetpack_memberships_contains_paid_content":false,"footnotes":"","jetpack_post_was_ever_published":false},"categories":[41,43,40,55,62,63],"tags":[],"class_list":["post-2391","post","type-post","status-publish","format-standard","hentry","category-erasmus","category-out","category-calls","category-ka171_out","category-ka171_out_sta","category-ka171_out_sta_res"],"blocksy_meta":{"styles_descriptor":{"styles":{"desktop":"","tablet":"","mobile":""},"google_fonts":[],"version":7}},"jetpack_sharing_enabled":true,"jetpack_shortlink":"https:\/\/wp.me\/pfKvKT-Cz","jetpack_featured_media_url":"","_links":{"self":[{"href":"https:\/\/erasmus.cumhuriyet.edu.tr\/en\/wp-json\/wp\/v2\/posts\/2391","targetHints":{"allow":["GET"]}}],"collection":[{"href":"https:\/\/erasmus.cumhuriyet.edu.tr\/en\/wp-json\/wp\/v2\/posts"}],"about":[{"href":"https:\/\/erasmus.cumhuriyet.edu.tr\/en\/wp-json\/wp\/v2\/types\/post"}],"author":[{"embeddable":true,"href":"https:\/\/erasmus.cumhuriyet.edu.tr\/en\/wp-json\/wp\/v2\/users\/1"}],"replies":[{"embeddable":true,"href":"https:\/\/erasmus.cumhuriyet.edu.tr\/en\/wp-json\/wp\/v2\/comments?post=2391"}],"version-history":[{"count":2,"href":"https:\/\/erasmus.cumhuriyet.edu.tr\/en\/wp-json\/wp\/v2\/posts\/2391\/revisions"}],"predecessor-version":[{"id":2393,"href":"https:\/\/erasmus.cumhuriyet.edu.tr\/en\/wp-json\/wp\/v2\/posts\/2391\/revisions\/2393"}],"wp:attachment":[{"href":"https:\/\/erasmus.cumhuriyet.edu.tr\/en\/wp-json\/wp\/v2\/media?parent=2391"}],"wp:term":[{"taxonomy":"category","embeddable":true,"href":"https:\/\/erasmus.cumhuriyet.edu.tr\/en\/wp-json\/wp\/v2\/categories?post=2391"},{"taxonomy":"post_tag","embeddable":true,"href":"https:\/\/erasmus.cumhuriyet.edu.tr\/en\/wp-json\/wp\/v2\/tags?post=2391"}],"curies":[{"name":"wp","href":"https:\/\/api.w.org\/{rel}","templated":true}]}}