{"id":2164,"date":"2023-03-08T16:00:53","date_gmt":"2023-03-08T13:00:53","guid":{"rendered":"https:\/\/erasmus.cumhuriyet.edu.tr\/?p=2164"},"modified":"2023-03-09T14:04:44","modified_gmt":"2023-03-09T11:04:44","slug":"erasmus-personel-hareketliligi-ilani-3-yedek-yerlestirme-sonuclari-2020-ka103","status":"publish","type":"post","link":"https:\/\/erasmus.cumhuriyet.edu.tr\/en\/erasmus-personel-hareketliligi-ilani-3-yedek-yerlestirme-sonuclari-2020-ka103\/","title":{"rendered":"ERASMUS+ STAFF MOBILITY ANNOUNCEMENT 3RD RESERVE PLACEMENT RESULTS (2020 KA103)"},"content":{"rendered":"<div class=\"scu-page scu-page-inner\">\n<div class=\"scu-legacy-row scu-legacy-vc-row\">\n<div class=\"scu-legacy-col scu-col-1-1\">\n<div class=\"scu-accordion-group\">\n<details class=\"scu-accordion scu-legacy-vc-section\">\n<summary><span>Advertisement Information<\/span><i class=\"bi bi-chevron-down scu-accordion-arrow\" aria-hidden=\"true\"><\/i><\/summary>\n<div class=\"scu-accordion-content\">\n<h2 class=\"scu-legacy-heading\">ADVERTISEMENT INFORMATION<\/h2>\n<div class=\"scu-richtext\">ADVERTISEMENT NAME:\u00a0<strong>Erasmus+ Staff Mobility Announcement<\/strong><\/p>\n<p>ADVERTISEMENT SUBTITLE:\u00a0<strong>KA103 (EU Member States and Third Countries Associated with the Programme) 2020 PROJECT<\/strong><\/p>\n<p>ANNOUNCEMENT PROJECT NO:\u00a0<strong><a class=\"nowrap ng-scope\"><span class=\"ng-binding ng-scope\">2020-1-TR01-KA103-084077<\/span><\/a><\/strong><\/p>\n<p>PROJECT TYPE: <strong>SINGLE BENEFICIARY PROJECTS<\/strong><\/p>\n<p>PUBLICATION DATE:\u00a0<strong>04.04.2022<\/strong><\/div>\n<p><a class=\"scu-btn is-turquoise\" href=\"#\">\u0130lgili ilana ula\u015fmak i\u00e7in t\u0131klay\u0131n\u0131z<\/a><\/div>\n<\/details>\n<\/div>\n<h2 class=\"scu-legacy-heading\">FORMS<\/h2>\n<div class=\"scu-legacy-row scu-legacy-vc-row-inner\">\n<div class=\"scu-legacy-col scu-col-1-2\"><a class=\"scu-btn\" href=\"https:\/\/erasmus.cumhuriyet.edu.tr\/en\/erasmus\/outgoing\/staff\/docs\/declaration\/?mobility-type=KA131%20STA%20(Avrupa%20i\u00e7i%20Ders%20Verme%20Hareketlili\u011fi)&amp;call-name=04.04.2022%20TAR\u0130HL\u0130%20ERASMUS%20PERSONEL%20HAREKETL\u0130L\u0130\u011e\u0130%20\u0130LANI%203.%20YEDEK%20YERLE\u015eT\u0130RME%20SONU\u00c7LARI%20(2020%20KA103)&amp;ktlm_durum=Kat\u0131laca\u011f\u0131m\u0131%20beyan%20ediyorum\" target=\"_blank\" rel=\"noopener\">Click here for the PARTICIPATION DECLARATION.<\/a><\/p>\n<div class=\"scu-spacer\" style=\"--scu-space:2px\" aria-hidden=\"true\"><\/div>\n<p><a class=\"scu-btn\" href=\"https:\/\/erasmus.cumhuriyet.edu.tr\/en\/erasmus\/outgoing\/staff\/docs\/declaration\/?mobility-type=KA131%20STA%20(Avrupa%20i\u00e7i%20Ders%20Verme%20Hareketlili\u011fi)&amp;call-name=04.04.2022%20TAR\u0130HL\u0130%20ERASMUS%20PERSONEL%20HAREKETL\u0130L\u0130\u011e\u0130%20\u0130LANI%203.%20YEDEK%20YERLE\u015eT\u0130RME%20SONU\u00c7LARI%20(2020%20KA103)&amp;ktlm_durum=Hakk\u0131mdan%20feragat%20ediyorum%20(kat\u0131lmayaca\u011f\u0131m)\" target=\"_blank\" rel=\"noopener\">Click here for the waiver form.<\/a><\/div>\n<div class=\"scu-legacy-col scu-col-1-2\"><a class=\"scu-btn\" href=\"https:\/\/erasmus.cumhuriyet.edu.tr\/en\/erasmus\/outgoing\/contact-form\/?ogr_per=PERSONEL&amp;ounit=KA131%20STA_STT%20-%20Avrupa%20i%C3%A7i%20Giden%20Personel%20Hareketlilikleri%20Birimi%20(Yasemin%20Kan)\" target=\"_blank\" rel=\"noopener\">Click here for the CONTACT FORM.<\/a><\/p>\n<div class=\"scu-spacer\" style=\"--scu-space:2px\" aria-hidden=\"true\"><\/div>\n<p><a class=\"scu-btn is-green\" href=\"\/en\/erasmus\/outgoing\/staff\/docs\/\" target=\"_blank\" rel=\"noopener\">D\u0130J\u0130TAL FORMLARA ULA\u015eMAK \u0130\u00c7\u0130N TIKLAYINIZ<\/a><\/p>\n<div class=\"scu-richtext\"><a href=\"https:\/\/erasmus.cumhuriyet.edu.tr\/wp-content\/uploads\/staff-mobility-training-agreement-K103.docx\">staff-mobility-training-agreement (K103)<\/a><\/p>\n<p><a href=\"https:\/\/erasmus.cumhuriyet.edu.tr\/wp-content\/uploads\/staff-mobility-teaching-agreement-K103.docx\">staff-mobility-teaching-agreement (K103)<\/a><\/div>\n<\/div>\n<\/div>\n<h2 class=\"scu-legacy-heading\">YEDEK YERLE\u015eT\u0130RME SONU\u00c7LARI<\/h2>\n<p><a class=\"scu-btn\" href=\"https:\/\/cumhuriyetedutr-my.sharepoint.com\/:b:\/g\/personal\/erasmus_cumhuriyet_edu_tr\/Ebw85qXzHghLrrHVsitiW30BEv-1YC0XTdNwo5R8aEx2pg?e=P8fDcO\" target=\"_blank\" rel=\"noopener\">STA &#8211; PERSONEL DERS VERME 3. YEDEK YERLE\u015eT\u0130RME SONU\u00c7LARI i\u00e7in t\u0131klay\u0131n\u0131z.<\/a><a class=\"scu-btn\" href=\"https:\/\/cumhuriyetedutr-my.sharepoint.com\/:b:\/g\/personal\/erasmus_cumhuriyet_edu_tr\/EcEcllMiiKtEovrr-duSf28BtcjaiDNHOhTeNfsUVekGuA?e=n3DPss\" target=\"_blank\" rel=\"noopener\">STT &#8211; PERSONEL E\u011e\u0130T\u0130M ALMA 3. YEDEK YERLE\u015eT\u0130RME SONU\u00c7LARI i\u00e7in t\u0131klay\u0131n\u0131z.<\/a><\/p>\n<h2 class=\"scu-legacy-heading\">IMPORTANT DATES<\/h2>\n<div class=\"scu-richtext\"><strong>12.03.2023<\/strong>\u00a0&#8211; Kat\u0131l\u0131m veya Feragat Dilek\u00e7esi Teslimi i\u00e7in Son Tarih<\/p>\n<p><strong>24.03.2023<\/strong> &#8211; Davet Mektubunun Teslimi i\u00e7in Son Tarih<\/p>\n<p><strong>31.05.2023<\/strong> &#8211; Hareketlili\u011fin tamamlanmas\u0131 gereken en ge\u00e7 tarih<\/div>\n<h2 class=\"scu-legacy-heading\">\u00d6NEML\u0130 A\u00c7IKLAMALAR<\/h2>\n<div class=\"scu-alert is-warning\">\n<div class=\"scu-alert-icon\"><i class=\"bi bi-info-circle\" aria-hidden=\"true\"><\/i><\/div>\n<div class=\"scu-alert-body\">\n<h3><strong>All forms must be completed electronically via our website.<\/strong><\/h3>\n<h5>Avrupa Komisyonunun alm\u0131\u015f oldu\u011fu &#8220;Ka\u011f\u0131ts\u0131z Erasmus+&#8221; karar\u0131 gere\u011fi fiziksel olarak evrak teslim al\u0131nmamaktad\u0131r. Yaln\u0131zca dijital olarak haz\u0131rlanmas\u0131 m\u00fcmk\u00fcn olmayan evraklar fiziksel olarak teslim al\u0131nacakt\u0131r.<\/h5>\n<\/div>\n<\/div>\n<div class=\"scu-alert is-info\">\n<div class=\"scu-alert-icon\"><i class=\"bi bi-info-circle\" aria-hidden=\"true\"><\/i><\/div>\n<div class=\"scu-alert-body\">\n<h3><strong>Contact the Erasmus+ Institutional Coordinator<\/strong><\/h3>\n<h5>You can ask all your questions via the CONTACT FORM linked below. For questions regarding staff mobility, you can direct them to the relevant staff member by selecting the appropriate unit on the form. Communication with our Coordination Office must be established through this form. Messages sent to our Coordination Office&#039;s email address will not be considered.<\/h5>\n<h5>You can also send your invitation letters and other scanned documents to the relevant personnel using this form.<\/h5>\n<\/div>\n<\/div>\n<\/div>\n<\/div>\n<\/div>","protected":false},"excerpt":{"rendered":"<p>\u0130lan Bilgileri \u0130LAN B\u0130LG\u0130LER\u0130 \u0130LAN ADI:\u00a0ERASMUS+ PERSONEL HAREKETL\u0130L\u0130\u011e\u0130 \u0130LANI \u0130LAN ALT BA\u015eLI\u011eI:\u00a0KA103 (AB \u00dcye \u00dclkeleri ve Programla \u0130li\u015fkili \u00dc\u00e7\u00fcnc\u00fc \u00dclkeler) 2020 PROJES\u0130 \u0130LAN PROJE NO:\u00a02020-1-TR01-KA103-084077 PROJE T\u00dcR\u00dc: TEK YARARLANICILI PROJELER \u0130LAN TAR\u0130H\u0130:\u00a004.04.2022 \u0130lgili ilana ula\u015fmak i\u00e7in t\u0131klay\u0131n\u0131z FORMLAR KATILIM BEYANI i\u00e7in t\u0131klay\u0131n\u0131z FERAGAT D\u0130LEK\u00c7ES\u0130 i\u00e7in t\u0131klay\u0131n\u0131z \u0130LET\u0130\u015e\u0130M FORMU i\u00e7in t\u0131klay\u0131n\u0131z D\u0130J\u0130TAL FORMLARA ULA\u015eMAK \u0130\u00c7\u0130N TIKLAYINIZ [&hellip;]<\/p>\n","protected":false},"author":1,"featured_media":0,"comment_status":"closed","ping_status":"open","sticky":false,"template":"","format":"standard","meta":{"advanced_seo_description":"","jetpack_seo_html_title":"","jetpack_seo_noindex":false,"jetpack_seo_schema_type":"","_jetpack_newsletter_access":"","_jetpack_dont_email_post_to_subs":false,"_jetpack_newsletter_tier_id":0,"_jetpack_memberships_contains_paywalled_content":false,"_jetpack_feature_clip_id":0,"_jetpack_memberships_contains_paid_content":false,"footnotes":"","jetpack_post_was_ever_published":false},"categories":[117,41,43,40,44,47,57],"tags":[],"class_list":["post-2164","post","type-post","status-publish","format-standard","hentry","category-2020-1-tr01-ka103-084077","category-erasmus","category-out","category-calls","category-ka131_out","category-ka131_out_sta","category-ka131_out_sta_res"],"blocksy_meta":{"styles_descriptor":{"styles":{"desktop":"","tablet":"","mobile":""},"google_fonts":[],"version":7}},"jetpack_sharing_enabled":true,"jetpack_shortlink":"https:\/\/wp.me\/pfKvKT-yU","jetpack_featured_media_url":"","_links":{"self":[{"href":"https:\/\/erasmus.cumhuriyet.edu.tr\/en\/wp-json\/wp\/v2\/posts\/2164","targetHints":{"allow":["GET"]}}],"collection":[{"href":"https:\/\/erasmus.cumhuriyet.edu.tr\/en\/wp-json\/wp\/v2\/posts"}],"about":[{"href":"https:\/\/erasmus.cumhuriyet.edu.tr\/en\/wp-json\/wp\/v2\/types\/post"}],"author":[{"embeddable":true,"href":"https:\/\/erasmus.cumhuriyet.edu.tr\/en\/wp-json\/wp\/v2\/users\/1"}],"replies":[{"embeddable":true,"href":"https:\/\/erasmus.cumhuriyet.edu.tr\/en\/wp-json\/wp\/v2\/comments?post=2164"}],"version-history":[{"count":6,"href":"https:\/\/erasmus.cumhuriyet.edu.tr\/en\/wp-json\/wp\/v2\/posts\/2164\/revisions"}],"predecessor-version":[{"id":2177,"href":"https:\/\/erasmus.cumhuriyet.edu.tr\/en\/wp-json\/wp\/v2\/posts\/2164\/revisions\/2177"}],"wp:attachment":[{"href":"https:\/\/erasmus.cumhuriyet.edu.tr\/en\/wp-json\/wp\/v2\/media?parent=2164"}],"wp:term":[{"taxonomy":"category","embeddable":true,"href":"https:\/\/erasmus.cumhuriyet.edu.tr\/en\/wp-json\/wp\/v2\/categories?post=2164"},{"taxonomy":"post_tag","embeddable":true,"href":"https:\/\/erasmus.cumhuriyet.edu.tr\/en\/wp-json\/wp\/v2\/tags?post=2164"}],"curies":[{"name":"wp","href":"https:\/\/api.w.org\/{rel}","templated":true}]}}