{"id":2120,"date":"2022-12-29T15:00:32","date_gmt":"2022-12-29T12:00:32","guid":{"rendered":"https:\/\/erasmus.cumhuriyet.edu.tr\/?p=2120"},"modified":"2023-03-04T18:46:28","modified_gmt":"2023-03-04T15:46:28","slug":"yildizeli-myo-erasmus-bilgilendirme-toplantisi","status":"publish","type":"post","link":"https:\/\/erasmus.cumhuriyet.edu.tr\/en\/yildizeli-myo-erasmus-bilgilendirme-toplantisi\/","title":{"rendered":"Y\u0131ld\u0131zeli MYO Erasmus+ Bilgilendirme Toplant\u0131s\u0131"},"content":{"rendered":"<div class=\"scu-page scu-page-inner\">\n<div class=\"scu-legacy-row scu-legacy-vc-row\">\n<div class=\"scu-legacy-col scu-col-1-1\">\n<div class=\"scu-richtext\">Y\u0131ld\u0131zeli MYO&#8217;da Erasmus+ Kurum Koordinat\u00f6rl\u00fc\u011f\u00fc taraf\u0131ndan Erasmus+ \u00d6\u011frenci \u00d6\u011frenim ve Staj Hareketlili\u011fi programlar\u0131na y\u00f6nelik bilgilendirme toplant\u0131s\u0131 yap\u0131ld\u0131. Toplant\u0131ya Erasmus+ KA171 Giden Y\u00f6nl\u00fc Hareketlilikler Sorumlusu \u00d6\u011fr. G\u00f6r. Adem DEM\u0130R, akademik personellerimiz ile \u00f6\u011frenciler kat\u0131ld\u0131.<\/p>\n<p>Erasmus+ Program\u0131n\u0131n tarihsel s\u00fcreci ve bug\u00fcnk\u00fc uygulamalar\u0131 hakk\u0131nda sunumlar\u0131n yap\u0131ld\u0131\u011f\u0131 toplant\u0131da \u00f6\u011frencilere, \u00dcniversitemizin son y\u0131llarda Erasmus+ Program\u0131 kapsam\u0131nda yapt\u0131\u011f\u0131 \u00e7al\u0131\u015fmalar ve bu programdan \u015fimdiye kadar faydalanan \u00f6\u011frenci ve personel say\u0131lar\u0131 hakk\u0131nda istatistiki bilgiler verildi. Toplant\u0131da, \u00f6\u011frencilere ne t\u00fcr i\u015flemlerin bekledi\u011fi, faaliyetten \u00f6nce ve sonra hangi belgeleri haz\u0131rlamalar\u0131 gerekti\u011fi, yurt d\u0131\u015f\u0131nda kar\u015f\u0131la\u015fabilecekleri durumlar kar\u015f\u0131s\u0131nda nas\u0131l hareket edebilecekleri vb. konularda bilgilendirme yap\u0131ld\u0131. Toplant\u0131 \u00f6\u011frencilerimizden gelen sorular\u0131n cevaplanmas\u0131yla son buldu.<\/p><\/div>\n<\/div>\n<\/div>\n<div class=\"scu-legacy-row scu-legacy-vc-row\">\n<div class=\"scu-legacy-col scu-col-1-6\"><\/div>\n<div class=\"scu-legacy-col scu-col-1-1\">\n<div class=\"scu-gallery\"><\/div>\n<\/div>\n<div class=\"scu-legacy-col scu-col-1-6\"><\/div>\n<\/div>\n<\/div>","protected":false},"excerpt":{"rendered":"<p>Y\u0131ld\u0131zeli MYO&#8217;da Erasmus+ Kurum Koordinat\u00f6rl\u00fc\u011f\u00fc taraf\u0131ndan Erasmus+ \u00d6\u011frenci \u00d6\u011frenim ve Staj Hareketlili\u011fi programlar\u0131na y\u00f6nelik bilgilendirme toplant\u0131s\u0131 yap\u0131ld\u0131. Toplant\u0131ya Erasmus+ KA171 Giden Y\u00f6nl\u00fc Hareketlilikler Sorumlusu \u00d6\u011fr. G\u00f6r. Adem DEM\u0130R, akademik personellerimiz ile \u00f6\u011frenciler kat\u0131ld\u0131. Erasmus+ Program\u0131n\u0131n tarihsel s\u00fcreci ve bug\u00fcnk\u00fc uygulamalar\u0131 hakk\u0131nda sunumlar\u0131n yap\u0131ld\u0131\u011f\u0131 toplant\u0131da \u00f6\u011frencilere, \u00dcniversitemizin son y\u0131llarda Erasmus+ Program\u0131 kapsam\u0131nda yapt\u0131\u011f\u0131 \u00e7al\u0131\u015fmalar ve bu [&hellip;]<\/p>\n","protected":false},"author":1,"featured_media":2121,"comment_status":"closed","ping_status":"open","sticky":false,"template":"","format":"standard","meta":{"advanced_seo_description":"","jetpack_seo_html_title":"","jetpack_seo_noindex":false,"jetpack_seo_schema_type":"","_jetpack_newsletter_access":"","_jetpack_dont_email_post_to_subs":false,"_jetpack_newsletter_tier_id":0,"_jetpack_memberships_contains_paywalled_content":false,"_jetpack_feature_clip_id":0,"_jetpack_memberships_contains_paid_content":false,"footnotes":"","jetpack_post_was_ever_published":false},"categories":[94],"tags":[],"class_list":["post-2120","post","type-post","status-publish","format-standard","has-post-thumbnail","hentry","category-news"],"blocksy_meta":{"styles_descriptor":{"styles":{"desktop":"","tablet":"","mobile":""},"google_fonts":[],"version":7}},"jetpack_sharing_enabled":true,"jetpack_shortlink":"https:\/\/wp.me\/pfKvKT-yc","jetpack_featured_media_url":"https:\/\/i0.wp.com\/erasmus.cumhuriyet.edu.tr\/wp-content\/uploads\/11886_a565179.jpg?fit=1600%2C1204&ssl=1","_links":{"self":[{"href":"https:\/\/erasmus.cumhuriyet.edu.tr\/en\/wp-json\/wp\/v2\/posts\/2120","targetHints":{"allow":["GET"]}}],"collection":[{"href":"https:\/\/erasmus.cumhuriyet.edu.tr\/en\/wp-json\/wp\/v2\/posts"}],"about":[{"href":"https:\/\/erasmus.cumhuriyet.edu.tr\/en\/wp-json\/wp\/v2\/types\/post"}],"author":[{"embeddable":true,"href":"https:\/\/erasmus.cumhuriyet.edu.tr\/en\/wp-json\/wp\/v2\/users\/1"}],"replies":[{"embeddable":true,"href":"https:\/\/erasmus.cumhuriyet.edu.tr\/en\/wp-json\/wp\/v2\/comments?post=2120"}],"version-history":[{"count":1,"href":"https:\/\/erasmus.cumhuriyet.edu.tr\/en\/wp-json\/wp\/v2\/posts\/2120\/revisions"}],"predecessor-version":[{"id":2124,"href":"https:\/\/erasmus.cumhuriyet.edu.tr\/en\/wp-json\/wp\/v2\/posts\/2120\/revisions\/2124"}],"wp:featuredmedia":[{"embeddable":true,"href":"https:\/\/erasmus.cumhuriyet.edu.tr\/en\/wp-json\/wp\/v2\/media\/2121"}],"wp:attachment":[{"href":"https:\/\/erasmus.cumhuriyet.edu.tr\/en\/wp-json\/wp\/v2\/media?parent=2120"}],"wp:term":[{"taxonomy":"category","embeddable":true,"href":"https:\/\/erasmus.cumhuriyet.edu.tr\/en\/wp-json\/wp\/v2\/categories?post=2120"},{"taxonomy":"post_tag","embeddable":true,"href":"https:\/\/erasmus.cumhuriyet.edu.tr\/en\/wp-json\/wp\/v2\/tags?post=2120"}],"curies":[{"name":"wp","href":"https:\/\/api.w.org\/{rel}","templated":true}]}}