{"id":2116,"date":"2022-12-01T15:00:46","date_gmt":"2022-12-01T12:00:46","guid":{"rendered":"https:\/\/erasmus.cumhuriyet.edu.tr\/?p=2116"},"modified":"2023-03-04T18:41:05","modified_gmt":"2023-03-04T15:41:05","slug":"ogr-gor-murat-ercan-ingiliz-dili-ve-edebiyati-bolumu-kariyer-soylesine-katildi","status":"publish","type":"post","link":"https:\/\/erasmus.cumhuriyet.edu.tr\/en\/ogr-gor-murat-ercan-ingiliz-dili-ve-edebiyati-bolumu-kariyer-soylesine-katildi\/","title":{"rendered":"\u00d6\u011fr. G\u00f6r. Murat ERCAN \u0130ngiliz Dili ve Edebiyat\u0131 B\u00f6l\u00fcm\u00fc Kariyer S\u00f6yle\u015fine Kat\u0131ld\u0131"},"content":{"rendered":"<div class=\"scu-page scu-page-inner\">\n<div class=\"scu-legacy-row scu-legacy-vc-row\">\n<div class=\"scu-legacy-col scu-col-1-1\">\n<div class=\"scu-richtext\">Ofisimiz personeli \u00d6\u011fr. G\u00f6r. Murat ERCAN, Edebiyat Fak\u00fcltesi \u0130ngiliz Dili ve Edebiyat\u0131 B\u00f6l\u00fcm\u00fc Kariyer S\u00f6yle\u015fisinde sunum yapt\u0131. Edebiyat Fak\u00fcltesi \u0130ngiliz Dili ve Edebiyat\u0131 B\u00f6l\u00fcm\u00fc mezunlar\u0131ndan olan \u00d6\u011fr. G\u00f6r. Murat ERCAN\u2019\u0131n konuk oldu\u011fu programa \u0130ngiliz Dili ve Edebiyat\u0131 B\u00f6l\u00fcm\u00fc \u00f6\u011fretim \u00fcyeleri ve \u00f6\u011frenciler kat\u0131ld\u0131. Programda \u00f6\u011frencilerin daha iyi ve kaliteli bir \u00f6\u011frencilik hayat\u0131 ge\u00e7irmeleri, mezuniyet sonras\u0131ndaki i\u015f olanaklar\u0131 ve Erasmus faaliyetlerinden nas\u0131l faydalanacaklar\u0131ndan bahsedildi. Program konu\u011fu \u00d6\u011fr. G\u00f6r. Murat ERCAN, y\u00fcksek lisans ve doktora imkanlar\u0131ndan bahsederek \u00f6\u011frencilerin yol haritas\u0131 \u00e7izmesine katk\u0131da bulundu.<\/div>\n<\/div>\n<\/div>\n<div class=\"scu-legacy-row scu-legacy-vc-row\">\n<div class=\"scu-legacy-col scu-col-1-6\"><\/div>\n<div class=\"scu-legacy-col scu-col-1-1\">\n<div class=\"scu-gallery\"><\/div>\n<\/div>\n<div class=\"scu-legacy-col scu-col-1-6\"><\/div>\n<\/div>\n<\/div>","protected":false},"excerpt":{"rendered":"<p>Ofisimiz personeli \u00d6\u011fr. G\u00f6r. Murat ERCAN, Edebiyat Fak\u00fcltesi \u0130ngiliz Dili ve Edebiyat\u0131 B\u00f6l\u00fcm\u00fc Kariyer S\u00f6yle\u015fisinde sunum yapt\u0131. Edebiyat Fak\u00fcltesi \u0130ngiliz Dili ve Edebiyat\u0131 B\u00f6l\u00fcm\u00fc mezunlar\u0131ndan olan \u00d6\u011fr. G\u00f6r. Murat ERCAN\u2019\u0131n konuk oldu\u011fu programa \u0130ngiliz Dili ve Edebiyat\u0131 B\u00f6l\u00fcm\u00fc \u00f6\u011fretim \u00fcyeleri ve \u00f6\u011frenciler kat\u0131ld\u0131. Programda \u00f6\u011frencilerin daha iyi ve kaliteli bir \u00f6\u011frencilik hayat\u0131 ge\u00e7irmeleri, mezuniyet sonras\u0131ndaki [&hellip;]<\/p>\n","protected":false},"author":1,"featured_media":2117,"comment_status":"closed","ping_status":"open","sticky":false,"template":"","format":"standard","meta":{"advanced_seo_description":"","jetpack_seo_html_title":"","jetpack_seo_noindex":false,"jetpack_seo_schema_type":"","_jetpack_newsletter_access":"","_jetpack_dont_email_post_to_subs":false,"_jetpack_newsletter_tier_id":0,"_jetpack_memberships_contains_paywalled_content":false,"_jetpack_feature_clip_id":0,"_jetpack_memberships_contains_paid_content":false,"footnotes":"","jetpack_post_was_ever_published":false},"categories":[94],"tags":[],"class_list":["post-2116","post","type-post","status-publish","format-standard","has-post-thumbnail","hentry","category-news"],"blocksy_meta":{"styles_descriptor":{"styles":{"desktop":"","tablet":"","mobile":""},"google_fonts":[],"version":7}},"jetpack_sharing_enabled":true,"jetpack_shortlink":"https:\/\/wp.me\/pfKvKT-y8","jetpack_featured_media_url":"https:\/\/i0.wp.com\/erasmus.cumhuriyet.edu.tr\/wp-content\/uploads\/11701_kariyer_soylesileri_363588.jpeg?fit=2000%2C1500&ssl=1","_links":{"self":[{"href":"https:\/\/erasmus.cumhuriyet.edu.tr\/en\/wp-json\/wp\/v2\/posts\/2116","targetHints":{"allow":["GET"]}}],"collection":[{"href":"https:\/\/erasmus.cumhuriyet.edu.tr\/en\/wp-json\/wp\/v2\/posts"}],"about":[{"href":"https:\/\/erasmus.cumhuriyet.edu.tr\/en\/wp-json\/wp\/v2\/types\/post"}],"author":[{"embeddable":true,"href":"https:\/\/erasmus.cumhuriyet.edu.tr\/en\/wp-json\/wp\/v2\/users\/1"}],"replies":[{"embeddable":true,"href":"https:\/\/erasmus.cumhuriyet.edu.tr\/en\/wp-json\/wp\/v2\/comments?post=2116"}],"version-history":[{"count":1,"href":"https:\/\/erasmus.cumhuriyet.edu.tr\/en\/wp-json\/wp\/v2\/posts\/2116\/revisions"}],"predecessor-version":[{"id":2119,"href":"https:\/\/erasmus.cumhuriyet.edu.tr\/en\/wp-json\/wp\/v2\/posts\/2116\/revisions\/2119"}],"wp:featuredmedia":[{"embeddable":true,"href":"https:\/\/erasmus.cumhuriyet.edu.tr\/en\/wp-json\/wp\/v2\/media\/2117"}],"wp:attachment":[{"href":"https:\/\/erasmus.cumhuriyet.edu.tr\/en\/wp-json\/wp\/v2\/media?parent=2116"}],"wp:term":[{"taxonomy":"category","embeddable":true,"href":"https:\/\/erasmus.cumhuriyet.edu.tr\/en\/wp-json\/wp\/v2\/categories?post=2116"},{"taxonomy":"post_tag","embeddable":true,"href":"https:\/\/erasmus.cumhuriyet.edu.tr\/en\/wp-json\/wp\/v2\/tags?post=2116"}],"curies":[{"name":"wp","href":"https:\/\/api.w.org\/{rel}","templated":true}]}}