{"id":1989,"date":"2023-02-09T09:30:06","date_gmt":"2023-02-09T06:30:06","guid":{"rendered":"https:\/\/erasmus.cumhuriyet.edu.tr\/?p=1989"},"modified":"2023-02-25T01:18:54","modified_gmt":"2023-02-24T22:18:54","slug":"erasmus-personel-ders-verme-ve-egitim-alma-hareketliligi-ilanlari-davet-mektubu-teslim-tarihi-guncellemesi-2021-ka131","status":"publish","type":"post","link":"https:\/\/erasmus.cumhuriyet.edu.tr\/en\/erasmus-personel-ders-verme-ve-egitim-alma-hareketliligi-ilanlari-davet-mektubu-teslim-tarihi-guncellemesi-2021-ka131\/","title":{"rendered":"Erasmus+ Personel Ders Verme ve E\u011fitim Alma Hareketlili\u011fi \u0130lanlar\u0131 Davet Mektubu Teslim Tarihi G\u00fcncellemesi (2021 KA131)"},"content":{"rendered":"<div class=\"scu-page scu-page-inner\">\n<div class=\"scu-legacy-row scu-legacy-vc-row\">\n<div class=\"scu-legacy-col scu-col-1-1\">\n<div class=\"scu-alert is-warning\">\n<div class=\"scu-alert-icon\"><i class=\"bi bi-info-circle\" aria-hidden=\"true\"><\/i><\/div>\n<div class=\"scu-alert-body\">\n<h2><strong style=\"color: red;\">A\u015fa\u011f\u0131da bilgileri bulunan ilanlar\u0131n davet mektubu son teslim tarihi 17.02.2023 olarak g\u00fcncellenmi\u015ftir.<\/strong><\/h2>\n<\/div>\n<\/div>\n<h2 class=\"scu-legacy-heading\">ADVERTISEMENT INFORMATION<\/h2>\n<div class=\"scu-richtext\">ADVERTISEMENT NAME: <strong>Erasmus+ Staff Training Mobility Announcement<\/strong><\/p>\n<p>ADVERTISEMENT SUBTITLE: \u00a0<strong>KA131 (EU Member States and Third Countries Associated with the Programme) 2021 PROJECT<\/strong><\/p>\n<p>ANNOUNCEMENT PROJECT NO: <strong>2021-1-TR01-KA131-HED-000003172<\/strong><\/p>\n<p>PUBLICATION DATE: <strong>13.10.2022<\/strong><\/div>\n<p><a class=\"scu-btn is-turquoise\" href=\"https:\/\/erasmus.cumhuriyet.edu.tr\/en\/erasmus-personel-egitim-alma-hareketliligi-ilani-2021-ka131\/\" target=\"_blank\" rel=\"noopener\">Click here to access the Staff Training Mobility announcement dated 13.10.2022.<\/a><\/p>\n<div class=\"scu-richtext\">ADVERTISEMENT NAME: <strong>ERASMUS+ PERSONEL DERS VERME HAREKETL\u0130L\u0130\u011e\u0130 \u0130LANI<\/strong><\/p>\n<p>ADVERTISEMENT SUBTITLE: \u00a0<strong>KA131 (EU Member States and Third Countries Associated with the Programme) 2021 PROJECT<\/strong><\/p>\n<p>ANNOUNCEMENT PROJECT NO: <strong>2021-1-TR01-KA131-HED-000003172<\/strong><\/p>\n<p>PUBLICATION DATE: <strong>28.10.2022<\/strong><\/div>\n<p><a class=\"scu-btn is-turquoise\" href=\"https:\/\/erasmus.cumhuriyet.edu.tr\/en\/erasmus-personel-ders-verme-hareketliligi-ilani-2021-ka131\/\" target=\"_blank\" rel=\"noopener\">28.10.2022 TAR\u0130HL\u0130 PERSONEL DERS VERME HAREKETL\u0130L\u0130\u011e\u0130 ilan\u0131na ula\u015fmak i\u00e7in t\u0131klay\u0131n\u0131z<\/a><\/div>\n<\/div>\n<\/div>","protected":false},"excerpt":{"rendered":"<p>A\u015fa\u011f\u0131da bilgileri bulunan ilanlar\u0131n davet mektubu son teslim tarihi 17.02.2023 olarak g\u00fcncellenmi\u015ftir. \u0130LAN B\u0130LG\u0130LER\u0130 \u0130LAN ADI: ERASMUS+ PERSONEL E\u011e\u0130T\u0130M ALMA HAREKETL\u0130L\u0130\u011e\u0130 \u0130LANI \u0130LAN ALT BA\u015eLI\u011eI: \u00a0KA131 (AB \u00dcye \u00dclkeleri ve Programla \u0130li\u015fkili \u00dc\u00e7\u00fcnc\u00fc \u00dclkeler) 2021 PROJES\u0130 \u0130LAN PROJE NO: 2021-1-TR01-KA131-HED-000003172 \u0130LAN TAR\u0130H\u0130: 13.10.2022 13.10.2022 TAR\u0130HL\u0130 PERSONEL E\u011e\u0130T\u0130M ALMA HAREKETL\u0130L\u0130\u011e\u0130 ilan\u0131na ula\u015fmak i\u00e7in t\u0131klay\u0131n\u0131z \u0130LAN ADI: [&hellip;]<\/p>\n","protected":false},"author":1,"featured_media":0,"comment_status":"closed","ping_status":"open","sticky":false,"template":"","format":"standard","meta":{"advanced_seo_description":"","jetpack_seo_html_title":"","jetpack_seo_noindex":false,"jetpack_seo_schema_type":"","_jetpack_newsletter_access":"","_jetpack_dont_email_post_to_subs":false,"_jetpack_newsletter_tier_id":0,"_jetpack_memberships_contains_paywalled_content":false,"_jetpack_feature_clip_id":0,"_jetpack_memberships_contains_paid_content":false,"footnotes":"","jetpack_post_was_ever_published":false},"categories":[39,87],"tags":[],"class_list":["post-1989","post","type-post","status-publish","format-standard","hentry","category-announcements","category-staff-announcements"],"blocksy_meta":{"styles_descriptor":{"styles":{"desktop":"","tablet":"","mobile":""},"google_fonts":[],"version":7}},"jetpack_sharing_enabled":true,"jetpack_shortlink":"https:\/\/wp.me\/pfKvKT-w5","jetpack_featured_media_url":"","_links":{"self":[{"href":"https:\/\/erasmus.cumhuriyet.edu.tr\/en\/wp-json\/wp\/v2\/posts\/1989","targetHints":{"allow":["GET"]}}],"collection":[{"href":"https:\/\/erasmus.cumhuriyet.edu.tr\/en\/wp-json\/wp\/v2\/posts"}],"about":[{"href":"https:\/\/erasmus.cumhuriyet.edu.tr\/en\/wp-json\/wp\/v2\/types\/post"}],"author":[{"embeddable":true,"href":"https:\/\/erasmus.cumhuriyet.edu.tr\/en\/wp-json\/wp\/v2\/users\/1"}],"replies":[{"embeddable":true,"href":"https:\/\/erasmus.cumhuriyet.edu.tr\/en\/wp-json\/wp\/v2\/comments?post=1989"}],"version-history":[{"count":1,"href":"https:\/\/erasmus.cumhuriyet.edu.tr\/en\/wp-json\/wp\/v2\/posts\/1989\/revisions"}],"predecessor-version":[{"id":1990,"href":"https:\/\/erasmus.cumhuriyet.edu.tr\/en\/wp-json\/wp\/v2\/posts\/1989\/revisions\/1990"}],"wp:attachment":[{"href":"https:\/\/erasmus.cumhuriyet.edu.tr\/en\/wp-json\/wp\/v2\/media?parent=1989"}],"wp:term":[{"taxonomy":"category","embeddable":true,"href":"https:\/\/erasmus.cumhuriyet.edu.tr\/en\/wp-json\/wp\/v2\/categories?post=1989"},{"taxonomy":"post_tag","embeddable":true,"href":"https:\/\/erasmus.cumhuriyet.edu.tr\/en\/wp-json\/wp\/v2\/tags?post=1989"}],"curies":[{"name":"wp","href":"https:\/\/api.w.org\/{rel}","templated":true}]}}