{"id":1892,"date":"2023-02-13T15:08:45","date_gmt":"2023-02-13T12:08:45","guid":{"rendered":"https:\/\/erasmus.cumhuriyet.edu.tr\/?p=1892"},"modified":"2023-03-09T01:01:31","modified_gmt":"2023-03-08T22:01:31","slug":"25-02-2023-tarihli-erasmus-yabanci-dil-sinavi-hk-onemli-duyuru","status":"publish","type":"post","link":"https:\/\/erasmus.cumhuriyet.edu.tr\/en\/25-02-2023-tarihli-erasmus-yabanci-dil-sinavi-hk-onemli-duyuru\/","title":{"rendered":"25.02.2023 Tarihli Erasmus+ Yabanc\u0131 Dil S\u0131nav\u0131 Hk. \u00d6nemli Duyuru"},"content":{"rendered":"<p>Y\u00fcksek\u00f6\u011fretim Kurulu Bas\u0131n ve Halkla \u0130li\u015fkiler M\u00fc\u015favirli\u011finin 11.02.2023 tarihli bas\u0131n duyurusuna istinaden 25.02.2023 tarihinde y\u00fcz y\u00fcze yap\u0131lmas\u0131 planlanan Erasmus+ Yabanc\u0131 Dil S\u0131nav\u0131n\u0131n \u00e7evrim i\u00e7i (online) yap\u0131lmas\u0131 kararla\u015ft\u0131r\u0131lm\u0131\u015ft\u0131r. \u00c7evrim i\u00e7i (online) yap\u0131lacak olan \u00e7oktan se\u00e7meli sorulardan olu\u015fan s\u0131navdan ilgili baraj\u0131 ge\u00e7en adaylara s\u00f6zl\u00fc s\u0131nav yap\u0131lacakt\u0131r. S\u0131navlarla ilgili ayr\u0131nt\u0131lar daha sonra sitemizden duyurulacakt\u0131r.<\/p>","protected":false},"excerpt":{"rendered":"<p>Y\u00fcksek\u00f6\u011fretim Kurulu Bas\u0131n ve Halkla \u0130li\u015fkiler M\u00fc\u015favirli\u011finin 11.02.2023 tarihli bas\u0131n duyurusuna istinaden 25.02.2023 tarihinde y\u00fcz y\u00fcze yap\u0131lmas\u0131 planlanan Erasmus+ Yabanc\u0131 Dil S\u0131nav\u0131n\u0131n \u00e7evrim i\u00e7i (online) yap\u0131lmas\u0131 kararla\u015ft\u0131r\u0131lm\u0131\u015ft\u0131r. \u00c7evrim i\u00e7i (online) yap\u0131lacak olan \u00e7oktan se\u00e7meli sorulardan olu\u015fan s\u0131navdan ilgili baraj\u0131 ge\u00e7en adaylara s\u00f6zl\u00fc s\u0131nav yap\u0131lacakt\u0131r. S\u0131navlarla ilgili ayr\u0131nt\u0131lar daha sonra sitemizden duyurulacakt\u0131r.<\/p>","protected":false},"author":1,"featured_media":0,"comment_status":"closed","ping_status":"open","sticky":false,"template":"","format":"standard","meta":{"_gspb_post_css":"","footnotes":""},"categories":[39,86],"tags":[],"class_list":["post-1892","post","type-post","status-publish","format-standard","hentry","category-announcements","category-student-announcements"],"blocksy_meta":[],"_links":{"self":[{"href":"https:\/\/erasmus.cumhuriyet.edu.tr\/en\/wp-json\/wp\/v2\/posts\/1892","targetHints":{"allow":["GET"]}}],"collection":[{"href":"https:\/\/erasmus.cumhuriyet.edu.tr\/en\/wp-json\/wp\/v2\/posts"}],"about":[{"href":"https:\/\/erasmus.cumhuriyet.edu.tr\/en\/wp-json\/wp\/v2\/types\/post"}],"author":[{"embeddable":true,"href":"https:\/\/erasmus.cumhuriyet.edu.tr\/en\/wp-json\/wp\/v2\/users\/1"}],"replies":[{"embeddable":true,"href":"https:\/\/erasmus.cumhuriyet.edu.tr\/en\/wp-json\/wp\/v2\/comments?post=1892"}],"version-history":[{"count":4,"href":"https:\/\/erasmus.cumhuriyet.edu.tr\/en\/wp-json\/wp\/v2\/posts\/1892\/revisions"}],"predecessor-version":[{"id":2165,"href":"https:\/\/erasmus.cumhuriyet.edu.tr\/en\/wp-json\/wp\/v2\/posts\/1892\/revisions\/2165"}],"wp:attachment":[{"href":"https:\/\/erasmus.cumhuriyet.edu.tr\/en\/wp-json\/wp\/v2\/media?parent=1892"}],"wp:term":[{"taxonomy":"category","embeddable":true,"href":"https:\/\/erasmus.cumhuriyet.edu.tr\/en\/wp-json\/wp\/v2\/categories?post=1892"},{"taxonomy":"post_tag","embeddable":true,"href":"https:\/\/erasmus.cumhuriyet.edu.tr\/en\/wp-json\/wp\/v2\/tags?post=1892"}],"curies":[{"name":"wp","href":"https:\/\/api.w.org\/{rel}","templated":true}]}}