{"id":1489,"date":"2022-12-19T03:43:31","date_gmt":"2022-12-19T00:43:31","guid":{"rendered":"https:\/\/erasmus.cumhuriyet.edu.tr\/?p=1489"},"modified":"2024-01-15T01:00:36","modified_gmt":"2024-01-14T22:00:36","slug":"erasmus-ogrenci-hareketliligi-ilani-2022-2023-ka131","status":"publish","type":"post","link":"https:\/\/erasmus.cumhuriyet.edu.tr\/en\/erasmus-ogrenci-hareketliligi-ilani-2022-2023-ka131\/","title":{"rendered":"ERASMUS+ \u00d6\u011eRENC\u0130 HAREKETL\u0130L\u0130\u011e\u0130 \u0130LANI (2022, 2023 KA131)"},"content":{"rendered":"<p>[vc_row][vc_column][vc_tta_accordion style=&#8221;flat&#8221; color=&#8221;sky&#8221; active_section=&#8221;0&#8243; no_fill=&#8221;true&#8221; collapsible_all=&#8221;true&#8221;][vc_tta_section i_icon_fontawesome=&#8221;fas fa-info-circle&#8221; add_icon=&#8221;true&#8221; title=&#8221;\u0130lan Bilgileri&#8221; tab_id=&#8221;callinfo&#8221;][vc_custom_heading text=&#8221;\u0130LAN B\u0130LG\u0130LER\u0130&#8221; use_theme_fonts=&#8221;yes&#8221;][vc_column_text]\u0130LAN ADI:\u00a0<strong>ERASMUS+ \u00d6\u011eRENC\u0130 \u00d6\u011eREN\u0130M VE STAJ HAREKETL\u0130L\u0130\u011e\u0130 \u0130LANI<\/strong><\/p>\n<p>\u0130LAN ALT BA\u015eLI\u011eI: <strong>2022 &amp; 2023 YILLARI KA131 (AB \u00dcye \u00dclkeleri ve Programla \u0130li\u015fkili \u00dc\u00e7\u00fcnc\u00fc \u00dclkeler) PROJELER\u0130<\/strong><\/p>\n<p>PROJE T\u00dcR\u00dc: <strong>TEK ve B\u0130RDEN FAZLA (KONSORS\u0130YUM) YARARLANICILI PROJELER<\/strong><\/p>\n<p>\u0130LAN PROJE NO: <strong>2022-1-TR01-KA131-HED-000057314, 2023-1-TR01-KA131-HED-0000XXXXX, 2022-TR01-KA131-HED-0000064914, 2022-TR01-KA131-HED-0000059267, 2023-TR01-KA131-HED-00000XXXXX<\/strong><\/p>\n<p>\u0130LAN TAR\u0130H\u0130:\u00a0<strong>19.12.2022<\/strong>[\/vc_column_text][\/vc_tta_section][\/vc_tta_accordion][vc_column_text]Sivas Cumhuriyet \u00dcniversitesi Erasmus+ Kurum Koordinat\u00f6rl\u00fc\u011f\u00fc Erasmus+ KA131 (AB \u00dcye \u00dclkeleri ve Programla \u0130li\u015fkili \u00dc\u00e7\u00fcnc\u00fc \u00dclkeler) \u00d6\u011frenci \u00d6\u011frenim ve Staj Hareketlili\u011fi ilan\u0131na \u00e7\u0131km\u0131\u015f bulunmaktad\u0131r.<\/p>\n<p><strong style=\"color: red;\">Ba\u015fvurular 16.01.2023 &#8211; 19.02.2023 tarihleri aras\u0131nda al\u0131nacakt\u0131r.\u00a0<\/strong><\/p>\n<p><strong style=\"color: red;\">Yabanc\u0131 dil s\u0131nav\u0131 25.02.2023 tarihinde yap\u0131lacakt\u0131r.\u00a0<\/strong><\/p>\n<p><strong style=\"color: red;\">Ayr\u0131nt\u0131lar i\u00e7in ilan metnini inceleyiniz.<\/strong>[\/vc_column_text][vc_message color=&#8221;danger&#8221; message_box_style=&#8221;solid-icon&#8221; message_box_color=&#8221;danger&#8221; icon_fontawesome=&#8221;fas fa-times&#8221;]<\/p>\n<h2><span style=\"color: #2a3235;\"><b>\u00d6NEML\u0130 DUYURU!<\/b><\/span><\/h2>\n<p>Ba\u015fvurular\u0131n al\u0131nmas\u0131 20.01.2023 tarihine ertelenmi\u015ftir.[\/vc_message][vc_message color=&#8221;warning&#8221; message_box_style=&#8221;solid-icon&#8221; message_box_color=&#8221;warning&#8221; icon_fontawesome=&#8221;fas fa-exclamation-triangle&#8221;]<\/p>\n<h2><strong>D\u0130KKAT<\/strong>!<\/h2>\n<h3>Ba\u015fvuru iki a\u015famal\u0131d\u0131r.<br \/>\n<strong>\u0130lk a\u015fama:<\/strong> sitemizdeki formun doldurulmas\u0131.<br \/>\n<strong>\u0130kinci a\u015fama:<\/strong> Form doldurulduktan sonra y\u00f6nlendirilen site \u00fczerinden as\u0131l ba\u015fvurunun yap\u0131lmas\u0131<br \/>\n<strong>Ba\u015fvuru adresine a\u015fa\u011f\u0131daki k\u0131rm\u0131z\u0131 butona t\u0131klayarak ula\u015fabilirsiniz.<\/strong><\/h3>\n<p>[\/vc_message][vc_tta_accordion style=&#8221;flat&#8221; color=&#8221;peacoc&#8221; active_section=&#8221;0&#8243; no_fill=&#8221;true&#8221; collapsible_all=&#8221;true&#8221;][vc_tta_section i_icon_fontawesome=&#8221;far fa-question-circle&#8221; add_icon=&#8221;true&#8221; title=&#8221;\u00d6\u011frenci \u00d6\u011frenim Hareketlili\u011fi Tan\u0131m\u0131&#8221; tab_id=&#8221;sms&#8221;][vc_column_text]<\/p>\n<p class=\"p1\">\u00d6\u011frenci \u00d6\u011frenim hareketlili\u011fi faaliyeti, ECHE ve Y\u00fcksek\u00f6\u011fretim kurumunun var olan kurumlararas\u0131 anla\u015fmalar\u0131 \u00e7er\u00e7evesinde ger\u00e7ekle\u015ftirilir.<\/p>\n<p class=\"p1\">Faaliyet, y\u00fcksek\u00f6\u011fretim kurumunda kay\u0131tl\u0131 \u00f6\u011frencinin, \u00f6\u011freniminin bir b\u00f6l\u00fcm\u00fcn\u00fc kurumlararas\u0131 anla\u015fma ile ortak olunan yurtd\u0131\u015f\u0131ndaki y\u00fcksek\u00f6\u011fretim kurumunda ger\u00e7ekle\u015ftirmesinden ibarettir.<\/p>\n<p class=\"p1\">Faaliyet s\u00fcresi, her bir \u00f6\u011frenim kademesi i\u00e7in ayr\u0131 ayr\u0131 ge\u00e7erli olmak \u00fczere 2 il\u00e2 12 ay aras\u0131nda bir s\u00fcre (1, 2 veya baz\u0131 \u00fclkelerin sistemlerine g\u00f6re 3 d\u00f6nem) olabilir. \u00d6\u011frenim kademesi \u00f6n lisans\/lisans, y\u00fcksek lisans ve doktora d\u00fczeylerini ifade eder.<\/p>\n<p class=\"p1\">Faaliyet, \u00f6\u011frenim s\u00fcresi i\u00e7erisinde her s\u0131n\u0131fta ger\u00e7ekle\u015ftirilebilir. Y\u00fcksek\u00f6\u011fretim kurumu \u00fcst y\u00f6netim karar\u0131yla 1. Kademe \u00f6\u011frencileri i\u00e7in en erken 2. s\u0131n\u0131ftan itibaren hareketlili\u011fe kat\u0131lma karar\u0131 alabilir.<\/p>\n<p class=\"p1\">Faaliyete kat\u0131lacak \u00f6\u011frencilerin y\u00fcksek\u00f6\u011fretim kurumunda bir diploma program\u0131na kay\u0131tl\u0131 olmas\u0131 gerekir. \u00d6\u011frencilerin diploma\/derecelerinin gerektirdi\u011fi \u00e7al\u0131\u015fmalar\u0131 yurtd\u0131\u015f\u0131nda yapmak \u00fczere, bir tam akademik y\u0131l i\u00e7in 60 AKTS; iki d\u00f6nemlik akademik y\u0131lda bir d\u00f6nem i\u00e7in 30 AKTS ve \u00fc\u00e7 d\u00f6nemlik akademik y\u0131lda bir d\u00f6nem i\u00e7in 20 AKTS kredisine denk gelen program\u0131 takip etmek \u00fczere g\u00f6nderilmesi beklenir. Takip edilen programda ba\u015far\u0131l\u0131 olunan kredilere tam akademik tan\u0131nma sa\u011flan\u0131r. Ba\u015far\u0131s\u0131z olunan krediler ev sahibi kurumda tekrar edilir.<\/p>\n<p>[\/vc_column_text][\/vc_tta_section][vc_tta_section i_icon_fontawesome=&#8221;far fa-question-circle&#8221; add_icon=&#8221;true&#8221; title=&#8221;\u00d6\u011frenci Staj Hareketlili\u011fi Tan\u0131m\u0131&#8221; tab_id=&#8221;smp&#8221;][vc_column_text]<\/p>\n<p class=\"p1\">\u00d6\u011frenci Staj Hareketlili\u011fi faaliyeti, y\u00fcksek\u00f6\u011fretim kurumunda kay\u0131tl\u0131 bir \u00f6\u011frencinin akademik \u00e7al\u0131\u015fma alan\u0131yla ilgili olarak yurtd\u0131\u015f\u0131ndaki bir i\u015fletmede, bir ara\u015ft\u0131rma enstit\u00fcs\u00fcnde, bir laboratuvarda veya bir kurum veya kurulu\u015fta staj yapmas\u0131d\u0131r. Y\u00fcksek\u00f6\u011fretim kurumunda ders takibi staj olarak kabul edilmez.<\/p>\n<p class=\"p1\">Faaliyet s\u00fcresi, her bir \u00f6\u011frenim kademesi i\u00e7in ayr\u0131 ayr\u0131 ge\u00e7erli olmak \u00fczere 2 ile 12 ay aras\u0131nda bir s\u00fcredir. Staj faaliyeti, \u00f6\u011frenim s\u00fcresi i\u00e7erisinde her s\u0131n\u0131fta ve \u00f6\u011frenim programlar\u0131n\u0131n son s\u0131n\u0131flar\u0131ndaki \u00f6\u011frencilermezun olduktan sonraki 12 ay i\u00e7erisinde ger\u00e7ekle\u015ftirilebilir. Mezuniyet sonras\u0131 ger\u00e7ekle\u015ftirilecek staj faaliyetinde ba\u015fvurunun \u00f6\u011frenci mezun olmadan \u00f6nce (h\u00e2lihaz\u0131rda \u00f6n lisans, lisans veya lisans\u00fcst\u00fc \u00f6\u011frencisiyken) yap\u0131lm\u0131\u015f olmas\u0131 gerekir. Mezun olmu\u015f \u00f6\u011frenciler ba\u015fvuruda bulunamaz.<\/p>\n<p class=\"p1\">Mezuniyet sonras\u0131 staj hareketlili\u011fi, mezuniyet tarihinden itibaren 12 ay i\u00e7inde tamamlanm\u0131\u015f olmal\u0131d\u0131r. Bu s\u00fcre i\u00e7erisinde askerlik g\u00f6revini tamamlamak \u00fczere silah alt\u0131na al\u0131nan yeni mezunlar\u0131n askerlik s\u00fcreleri 12 ayl\u0131k bu azami s\u00fcreye eklenir. Mezuniyet sonras\u0131 staj s\u00fcresi ile \u00f6\u011frencinin ayn\u0131 kademede ger\u00e7ekle\u015ftirdi\u011fi hareketlilik s\u00fcresi toplam\u0131 12 ay\u0131 ge\u00e7memelidir.<\/p>\n<p class=\"p1\">Y\u00fcksek\u00f6\u011fretim kurumlar\u0131 mezuniyet sonras\u0131 staj faaliyetinin d\u0131\u015f\u0131nda kalmay\u0131 tercih edebilirler. Mezuniyet sonras\u0131 staj faaliyetinin d\u0131\u015f\u0131nda kalmay\u0131 tercih edecek y\u00fcksek\u00f6\u011fretim kurumlar\u0131, ilgili \u00e7a\u011fr\u0131 y\u0131l\u0131n\u0131n ba\u015f\u0131nda buna ili\u015fkin bir \u00fcst y\u00f6netim karar\u0131 almal\u0131 ve bu durumu \u00f6\u011frencilere duyurmal\u0131d\u0131r. \u00c7a\u011fr\u0131 y\u0131l\u0131n\u0131n ba\u015f\u0131nda bu t\u00fcr bir karar al\u0131nmam\u0131\u015fsa veya \u00f6\u011frencilere duyurulmam\u0131\u015fsa mezuniyet sonras\u0131 staj faaliyetinin d\u0131\u015f\u0131nda kalma se\u00e7ene\u011fi uygulanamaz.<\/p>\n<h3 class=\"p1\"><b>Uygun Staj Yeri \u00d6rnekleri: <\/b><\/h3>\n<p class=\"p1\">Staj faaliyeti ger\u00e7ekle\u015ftirilebilecek \u00fclkelerden birinde yerle\u015fik, emek piyasas\u0131nda ya da e\u011fitim, \u00f6\u011fretim, gen\u00e7lik, ara\u015ft\u0131rma ve geli\u015ftirme alan\u0131nda herhangi bir kamu ya da \u00f6zel sekt\u00f6r kurulu\u015fu staj yeri olabilir. S\u0131n\u0131rland\u0131r\u0131c\u0131 bir liste olmamakla birlikte a\u015fa\u011f\u0131daki kurulu\u015flar uygun staj yeri \u00f6rne\u011fi olarak say\u0131labilir:<\/p>\n<ul>\n<li class=\"p1\">bir kamu ya da \u00f6zel sekt\u00f6re ait k\u00fc\u00e7\u00fck, ortak veya b\u00fcy\u00fck \u00f6l\u00e7ekli i\u015fletmeler<\/li>\n<li class=\"p1\">yerel, b\u00f6lgesel ya da ulusal kamu kurumlar\u0131<\/li>\n<li class=\"p1\">g\u00f6nderen \u00fclkenin yurtd\u0131\u015f\u0131ndaki b\u00fcy\u00fckel\u00e7ilikleri veya konsolosluklar\u0131<\/li>\n<li class=\"p1\">ticaret odalar\u0131, esnaf-zanaatk\u00e2r birlikleri, borsalar ve sendika gibi i\u015f d\u00fcnyas\u0131na ait her t\u00fcrl\u00fc olu\u015fum\/birlik<\/li>\n<li class=\"p1\">ara\u015ft\u0131rma enstit\u00fcleri<\/li>\n<li class=\"p1\">vak\u0131flar<\/li>\n<li class=\"p1\">okul\/enstit\u00fc\/e\u011fitim merkezi (mesleki e\u011fitim veya yeti\u015fkin e\u011fitim d\u00e2hil olmak \u00fczere okul \u00f6ncesinden lise e\u011fitimine kadar her t\u00fcrl\u00fc e\u011fitim kurumu olabilir)<\/li>\n<li class=\"p1\">kar amac\u0131 g\u00fctmeyen kurumlar, dernekler, STK\u2019lar<\/li>\n<li class=\"p1\">kariyer planlama, profesyonel dan\u0131\u015fmanl\u0131k ve bilgilendirme hizmeti sunan kurumlar<\/li>\n<li class=\"p1\">y\u00fcksek\u00f6\u011fretim kurumlar\u0131 (Programla ili\u015fkili \u00fclkelerde yer alan y\u00fcksek\u00f6\u011fretim kurumlar\u0131 ECHE sahibi olmal\u0131, Programla ili\u015fkili olmayan \u00fclkelerdeki y\u00fcksek\u00f6\u011fretim kurumlar\u0131 kendi ulusal mevzuatlar\u0131 uyar\u0131nca yetkili bir merci taraf\u0131ndan tan\u0131nm\u0131\u015f ve staj faaliyetinden \u00f6nce g\u00f6nderen kurumla ikili kurumlararas\u0131 anla\u015fma imzalam\u0131\u015f olmal\u0131)<\/li>\n<\/ul>\n<h3 class=\"p1\"><strong>A\u015fa\u011f\u0131daki kurulu\u015flar Erasmus+ kapsam\u0131nda y\u00fcksek\u00f6\u011fretim staj faaliyeti i\u00e7in uygun de\u011fildir:<\/strong><\/h3>\n<ul>\n<li class=\"p2\"><span class=\"s1\">Avrupa Birli\u011fi kurumlar\u0131 ve AB ajanslar\u0131 (bkz. <\/span><a href=\"https:\/\/europa.eu\/european-union\/about-eu\/institutions-bodies_en\" target=\"_blank\" rel=\"noopener\">https:\/\/europa.eu\/european-union\/about-eu\/institutions-bodies_en<\/a><span class=\"s1\">)<\/span><\/li>\n<li class=\"p2\">AB programlar\u0131n\u0131 y\u00fcr\u00fcten Ulusal Ajans vb. kurulu\u015flar.<\/li>\n<\/ul>\n<p>[\/vc_column_text][\/vc_tta_section][vc_tta_section i_icon_fontawesome=&#8221;fas fa-exclamation-triangle&#8221; add_icon=&#8221;true&#8221; title=&#8221;BA\u015eVURU \u015eARTLARI&#8221; tab_id=&#8221;req&#8221;][vc_column_text]<\/p>\n<ul>\n<li>Sivas Cumhuriyet \u00dcniversitesi \u00f6n lisans, lisans, y\u00fcksek lisans ve doktora \u00f6\u011frencisi olmak,<\/li>\n<li>\u00d6n lisans ve lisans \u00f6\u011frencileri i\u00e7in en az <strong>2.20<\/strong>; y\u00fcksek lisans ve doktora i\u00e7in en az <strong>2.50<\/strong> Genel Not Ortalamas\u0131na sahip olmak,<\/li>\n<li>Sivas Cumhuriyet \u00dcniversitesi Uluslararas\u0131 \u0130li\u015fkiler Ofisi Yabanc\u0131 Dil S\u0131nav\u0131 veya \u00d6SYM taraf\u0131ndan yap\u0131lan Yabanc\u0131 Dil S\u0131navlar\u0131 (YDS, e-YDS, Y\u00d6KD\u0130L, KPDS, \u00dcDS) ve \u00d6SYM Uluslararas\u0131 Yabanc\u0131 Dil S\u0131navlar\u0131n\u0131n E\u015fde\u011ferlikleri D\u00f6k\u00fcman\u0131nda belirtilen bu s\u0131navlara e\u015fde\u011fer say\u0131lan uluslararas\u0131 yabanc\u0131 dil s\u0131navlar\u0131ndan herhangi birinden ge\u00e7erli bir nota sahip olmak,<\/li>\n<li>T\u0131p ve Di\u015f Hekimli\u011finde ihtisas \u00f6\u011frencileri Y\u00d6KS\u0130S\u2019te \u00f6\u011frencilik kay\u0131tlar\u0131 bulunmad\u0131\u011f\u0131ndan \u00f6\u011frenci ilanlar\u0131na ba\u015fvuramamaktad\u0131r.<\/li>\n<\/ul>\n<p>[\/vc_column_text][\/vc_tta_section][vc_tta_section i_icon_fontawesome=&#8221;far fa-calendar-alt&#8221; add_icon=&#8221;true&#8221; title=&#8221;\u00d6NEML\u0130 TAR\u0130HLER&#8221; tab_id=&#8221;dates&#8221;][vc_column_text]<div id=\"footable_parent_1503\"\n         class=\" footable_parent ninja_table_wrapper loading_ninja_table wp_table_data_press_parent semantic_ui \">\n                <table data-ninja_table_instance=\"ninja_table_instance_0\" data-footable_id=\"1503\" data-filter-delay=\"1000\" aria-label=\"2022-12-19 2023 KA131 \u00d6NEML\u0130 TAR\u0130HLER\"            id=\"footable_1503\"\n           data-unique_identifier=\"ninja_table_unique_id_2177012035_1503\"\n           class=\" foo-table ninja_footable foo_table_1503 ninja_table_unique_id_2177012035_1503 ui table  nt_type_ajax_table selectable striped compact vertical_centered  footable-paging-right ninja_table_search_disabled\">\n                <colgroup>\n                            <col class=\"ninja_column_0 \">\n                            <col class=\"ninja_column_1 \">\n                    <\/colgroup>\n            <\/table>\n    \n    \n    \n<\/div>\n<\/p>\n<ol>\n<li>Ge\u00e7erli bir yabanc\u0131 dil puan\u0131 olan adaylar ba\u015fvuru esnas\u0131nda beyan ettikleri takdirde s\u0131nava kat\u0131lmak zorunda de\u011fildir. Ge\u00e7erli bir puan\u0131 olup s\u0131nava kat\u0131lmak isteyen adaylar ba\u015fvuru esnas\u0131nda beyan etmeleri durumda s\u0131nava kat\u0131labilirler. Bu durumda puan\u0131 y\u00fcksek olan s\u0131nav dikkate al\u0131n\u0131r. Yabanc\u0131 dil s\u0131nav\u0131na kat\u0131laca\u011f\u0131n\u0131 beyan edenlerin s\u0131nava kat\u0131l\u0131mlar\u0131 zorunludur. Kat\u0131laca\u011f\u0131n\u0131 beyan edip kat\u0131lmayanlar hakk\u0131nda T.C. D\u0131\u015fi\u015fleri Bakanl\u0131\u011f\u0131 Avrupa Birli\u011fi Ba\u015fkanl\u0131\u011f\u0131 Avrupa Birli\u011fi E\u011fitim ve Gen\u00e7lik Programlar\u0131 Merkezi Ba\u015fkanl\u0131\u011f\u0131n\u0131n (T\u00fcrkiye Ulusal Ajans\u0131) yay\u0131nlam\u0131\u015f oldu\u011fu Erasmus+ Y\u00fcksek\u00f6\u011fretim Kurumlar\u0131 i\u00e7in El Kitab\u0131, T.C. Sivas Cumhuriyet \u00dcniversitesi Uluslararas\u0131 \u0130li\u015fkiler Ofisi Y\u00f6nergesi ile Erasmus Program\u0131 Y\u00f6nergesinde belirtilen h\u00fck\u00fcmler \u00e7er\u00e7evesinde yapt\u0131r\u0131mlar uygulan\u0131r. Ge\u00e7erli bir yabanc\u0131 dil puan\u0131 olmayan ve asgari puan \u015fart\u0131n\u0131 sa\u011flayamayan adaylar Erasmus+ hareketlili\u011fi ger\u00e7ekle\u015ftirmeye hak kazanamazlar. S\u0131nav ile ilgili duyurular (s\u0131nav yeri, saati ve s\u0131nava giri\u015f belgeleri vb.) Koordinat\u00f6rl\u00fc\u011f\u00fcm\u00fcz\u00fcn internet sitesi \u00fczerinden duyurulacakt\u0131r. Bu duyurular tebli\u011f niteli\u011finde olup adaylara herhangi bir tebligat yap\u0131lmayacakt\u0131r. Aday\u0131n ilgili internet sitesini takip etmesi gerekmektedir.<\/li>\n<li>De\u011ferlendirme Sonu\u00e7lar\u0131 Koordinat\u00f6rl\u00fc\u011f\u00fcm\u00fcz\u00fcn internet sitesi (<a style=\"font-size: 1rem;\" href=\"https:\/\/erasmus.cumhuriyet.edu.tr\">https:\/\/erasmus.cumhuriyet.edu.tr<\/a><span style=\"color: #82868b; font-size: 1rem;\">) \u00fczerinden ilan edilecektir.<\/span><\/li>\n<li>Adaylar sonu\u00e7lar\u0131n a\u00e7\u0131klanmas\u0131ndan itibaren 7 g\u00fcn i\u00e7erisinde de\u011ferlendirme sonu\u00e7lar\u0131na itiraz edebilirler. \u0130tiraz dilek\u00e7esi \u00e7evrimi\u00e7i (online) al\u0131nacakt\u0131r. Elden itiraz dilek\u00e7esi al\u0131nmayacakt\u0131r. \u0130tiraz dilek\u00e7esinin teslimi ile ilgili ayr\u0131nt\u0131lar daha sonra duyurulacakt\u0131r.<\/li>\n<li>Kat\u0131l\u0131mc\u0131lar, Erasmus+ kapsam\u0131nda hak kazand\u0131klar\u0131 hareketlilikleri ger\u00e7ekle\u015ftirece\u011fine dair kat\u0131l\u0131m beyannamesi veya haklar\u0131ndan vazge\u00e7mek istediklerine dair feragat dilek\u00e7esi teslim etmek zorundad\u0131r. Bu belgeler sonu\u00e7lar\u0131n a\u00e7\u0131klanmas\u0131ndan itibaren 7 g\u00fcn i\u00e7erisinde \u00e7evrimi\u00e7i (online) olarak teslim edilmelidir. S\u00fcresi i\u00e7erisinde belge teslimi yapmayan adaylara T.C. D\u0131\u015fi\u015fleri Bakanl\u0131\u011f\u0131 Avrupa Birli\u011fi Ba\u015fkanl\u0131\u011f\u0131 Avrupa Birli\u011fi E\u011fitim ve Gen\u00e7lik Programlar\u0131 Merkezi Ba\u015fkanl\u0131\u011f\u0131n\u0131n (T\u00fcrkiye Ulusal Ajans\u0131) yay\u0131nlam\u0131\u015f oldu\u011fu Erasmus+ Y\u00fcksek\u00f6\u011fretim Kurumlar\u0131 i\u00e7in El Kitab\u0131, T.C. Sivas Cumhuriyet \u00dcniversitesi Uluslararas\u0131 \u0130li\u015fkiler Ofisi Y\u00f6nergesi ile Erasmus Program\u0131 Y\u00f6nergesinde belirtilen h\u00fck\u00fcmler \u00e7er\u00e7evesinde yapt\u0131r\u0131mlar uygulan\u0131r.<\/li>\n<li>Bu madde staj hareketlili\u011fine hak kazananlar i\u00e7in ge\u00e7erlidir. <strong style=\"font-size: 1rem; color: red;\">(Belirtilen tarihe kadar davet mektubu teslim edilmedi\u011fi takdirde aday hakk\u0131n\u0131 kaybedecektir.) <\/strong><a style=\"font-size: 1rem;\" href=\"https:\/\/cumhuriyetedutr-my.sharepoint.com\/:w:\/g\/personal\/erasmus_cumhuriyet_edu_tr\/EU33WoBYGcpIo3RE8MuvgooBfMeMDaTgpYwXMQDzmZakXg?e=eVSDGe\"><strong>\u00d6rnek davet mektubu i\u00e7in t\u0131klay\u0131n\u0131z<\/strong><\/a><strong style=\"font-size: 1rem;\">.<\/strong><\/li>\n<li>Bu tarihe kadar T\u00fcrkiye\u2019ye d\u00f6nm\u00fc\u015f ve t\u00fcm evraklar\u0131 teslim etmi\u015f olma zorunlulu\u011fu bulunmaktad\u0131r.<\/li>\n<\/ol>\n<p>[\/vc_column_text][\/vc_tta_section][vc_tta_section i_icon_fontawesome=&#8221;fas fa-users&#8221; add_icon=&#8221;true&#8221; title=&#8221;KONTENJAN&#8221; tab_id=&#8221;quota&#8221;][vc_column_text]<div id=\"footable_parent_1490\"\n         class=\" footable_parent ninja_table_wrapper loading_ninja_table wp_table_data_press_parent semantic_ui \">\n                <table data-ninja_table_instance=\"ninja_table_instance_1\" data-footable_id=\"1490\" data-filter-delay=\"1000\" aria-label=\"2022-12-19 2023 KA131 SMS SMP KONTENJAN\"            id=\"footable_1490\"\n           data-unique_identifier=\"ninja_table_unique_id_583692408_1490\"\n           class=\" foo-table ninja_footable foo_table_1490 ninja_table_unique_id_583692408_1490 ui table  nt_type_ajax_table selectable striped compact vertical_centered  footable-paging-right\">\n                <colgroup>\n                            <col class=\"ninja_column_0 \">\n                            <col class=\"ninja_column_1 \">\n                            <col class=\"ninja_column_2 \">\n                            <col class=\"ninja_column_3 \">\n                    <\/colgroup>\n            <\/table>\n    \n    \n    \n<\/div>\n<\/p>\n<ul>\n<li>Kontenjan ilgili birimlerin anla\u015fma say\u0131lar\u0131, ortalama ba\u015fvuru say\u0131lar\u0131 ve ge\u00e7mi\u015f Erasmus+ hareketliliklerinin performanslar\u0131na g\u00f6re da\u011f\u0131t\u0131lm\u0131\u015ft\u0131r.<\/li>\n<li>Birimler i\u00e7in belirlenen kontenjan d\u00e2hilinde ba\u015fvuru olmamas\u0131 veya se\u00e7ilen \u00f6\u011frencilerin vazge\u00e7meleri durumunda a\u00e7\u0131kta kalan kontenjanlar, di\u011fer birimlere aktar\u0131lacakt\u0131r.<\/li>\n<li>Ba\u015fvuran\u0131n \u00d6\u011frenci \u00d6\u011frenim Hareketlili\u011fini kazanmas\u0131 durumunda girmi\u015f oldu\u011fu yabanc\u0131 dil s\u0131nav\u0131n\u0131n dili ilgili \u00fcniversiteyle yap\u0131lm\u0131\u015f olan kurumlararas\u0131 anla\u015fmada belirtilen \u00f6\u011fretim dillerinden biri olmamas\u0131 halinde ba\u015fvuran tercih etti\u011fi \u00fcniversiteye\u00a0kabul\u00a0edilmez.<\/li>\n<\/ul>\n<p>[\/vc_column_text][\/vc_tta_section][vc_tta_section i_icon_fontawesome=&#8221;fas fa-calculator&#8221; add_icon=&#8221;true&#8221; title=&#8221;DE\u011eERLEND\u0130RME KR\u0130TERLER\u0130&#8221; tab_id=&#8221;criteria&#8221;][vc_column_text]De\u011ferlendirme \u00d6l\u00e7\u00fctleri T.C. D\u0131\u015fi\u015fleri Bakanl\u0131\u011f\u0131 Avrupa Birli\u011fi Ba\u015fkanl\u0131\u011f\u0131 Avrupa Birli\u011fi E\u011fitim ve Gen\u00e7lik Programlar\u0131 Merkezi Ba\u015fkanl\u0131\u011f\u0131n\u0131n (T\u00fcrkiye Ulusal Ajans\u0131) yay\u0131nlam\u0131\u015f oldu\u011fu Erasmus+ Y\u00fcksek\u00f6\u011fretim Kurumlar\u0131 i\u00e7in El Kitab\u0131, T.C. Sivas Cumhuriyet \u00dcniversitesi Uluslararas\u0131 \u0130li\u015fkiler Ofisi Y\u00f6nergesi ile Erasmus Program\u0131 Y\u00f6nergesi \u00e7er\u00e7evesinde koordinat\u00f6rl\u00fc\u011f\u00fcm\u00fcz taraf\u0131ndan a\u015fa\u011f\u0131daki \u015fekilde belirlenmi\u015ftir.<\/p>\n<div id=\"footable_parent_1506\"\n         class=\" footable_parent ninja_table_wrapper loading_ninja_table wp_table_data_press_parent semantic_ui \">\n                <table data-ninja_table_instance=\"ninja_table_instance_2\" data-footable_id=\"1506\" data-filter-delay=\"1000\" aria-label=\"21-27 KA131 STD KRITER\"            id=\"footable_1506\"\n           data-unique_identifier=\"ninja_table_unique_id_1223826703_1506\"\n           class=\" foo-table ninja_footable foo_table_1506 ninja_table_unique_id_1223826703_1506 ui table  nt_type_ajax_table selectable striped compact vertical_centered  footable-paging-right ninja_table_search_disabled\">\n                <colgroup>\n                            <col class=\"ninja_column_0 \">\n                            <col class=\"ninja_column_1 \">\n                    <\/colgroup>\n            <\/table>\n    \n    \n    \n<\/div>\n\n<ol>\n<li>Genel not ortalamas\u0131 ve dil puan\u0131 100 puan \u00fczerinden hesaplanmaktad\u0131r.<\/li>\n<li>4\u2019l\u00fck sistemdeki notlar\u0131n 100\u2019l\u00fck sisteme \u00e7evrilmesinde Y\u00d6K Not D\u00f6n\u00fc\u015f\u00fcm tablosu kullan\u0131lmaktad\u0131r.<\/li>\n<li>Genel Not Ortalamas\u0131 ba\u015fvuru esnas\u0131nda Y\u00d6KS\u0130S\u2019ten otomatik olarak \u00e7ekildi\u011finden ayr\u0131ca transkript y\u00fckleme zorunlulu\u011fu bulunmamaktad\u0131r. Y\u00d6KS\u0130S\u2019teki verinin g\u00fcncelli\u011finden ba\u015fvuran sorumludur. Verinin g\u00fcncel olmamas\u0131 halinde ilgili birimden g\u00fcncelle\u015ftirilmesi gerekmektedir. \u00dcniversite Bilgi Sistemi ile Y\u00d6KS\u0130S verisi aras\u0131nda uyu\u015fmazl\u0131k olmas\u0131 durumunda Y\u00d6KS\u0130S verisi esas al\u0131n\u0131r. Y\u00d6KS\u0130S verisinin g\u00fcncellenememesi durumunda ilgili birimden al\u0131nan \u0131slak imzal\u0131 ve m\u00fch\u00fcrl\u00fc transkript taranarak sisteme y\u00fcklendi\u011fi takdirde belgedeki GNO esas al\u0131n\u0131r. Bu durumda ilgili ki\u015finin Erasmus+ Kurum Koordinat\u00f6rl\u00fc\u011f\u00fcne bilgi vermesi gerekmektedir. GNO\u2019nun hen\u00fcz olu\u015fmamas\u0131 halinde T.C. D\u0131\u015fi\u015fleri Bakanl\u0131\u011f\u0131 Avrupa Birli\u011fi Ba\u015fkanl\u0131\u011f\u0131 Avrupa Birli\u011fi E\u011fitim ve Gen\u00e7lik Programlar\u0131 Merkezi Ba\u015fkanl\u0131\u011f\u0131n\u0131n (T\u00fcrkiye Ulusal Ajans\u0131) yay\u0131nlam\u0131\u015f oldu\u011fu Erasmus+ Y\u00fcksek\u00f6\u011fretim Kurumlar\u0131 i\u00e7in El Kitab\u0131 h\u00fck\u00fcmleri uygulan\u0131r.<\/li>\n<li>Hareketlili\u011fe hak kazanmak i\u00e7in yabanc\u0131 dil s\u0131nav\u0131ndan (SC\u00dc Uluslararas\u0131 \u0130li\u015fkiler Ofisi Yabanc\u0131 Dil S\u0131nav\u0131 veya \u00d6SYM taraf\u0131ndan ge\u00e7erli say\u0131lan yabanc\u0131 dil s\u0131navlar\u0131) en az 50 puan almak gerekir. Asgari puan b\u00f6l\u00fcmlere g\u00f6re de\u011fi\u015fiklik g\u00f6stermektedir. Ayr\u0131nt\u0131l\u0131 bilgili i\u00e7in Yabanc\u0131 Dil S\u0131nav\u0131 ba\u015fl\u0131\u011f\u0131na bak\u0131n\u0131z. Bu ilana \u00f6zg\u00fc yap\u0131lacak olan Dil S\u0131nav\u0131 sadece bu ilan i\u00e7in ge\u00e7erlidir. Sonu\u00e7lar ba\u015fka bir ilanda kullan\u0131lamaz.<\/li>\n<li>Yabanc\u0131 dil s\u0131nav\u0131n\u0131n diline ve b\u00f6l\u00fcme g\u00f6re asgari puan ko\u015fullar\u0131 de\u011fi\u015fiklik g\u00f6stermektedir. Yabanc\u0131 dil ve b\u00f6l\u00fcm bazl\u0131 asgari puan ko\u015fullar\u0131 i\u00e7in Yabanc\u0131 Dil S\u0131nav\u0131 ba\u015fl\u0131\u011f\u0131na bak\u0131n\u0131z.<\/li>\n<li>Engelli \u00f6\u011frenciler i\u00e7in ek hibe imk\u00e2n\u0131 bulunmaktad\u0131r.<\/li>\n<li>A\u015fa\u011f\u0131daki faaliyetlerden biri ya da birka\u00e7\u0131n\u0131 deneyimleyen stajlar bu kapsamda say\u0131l\u0131r: dijital pazarlama (\u00f6rn. Sosyal medya y\u00f6netimi, web analiti\u011fi), dijital grafik, mekanik ve mimari tasar\u0131m; uygulama, yaz\u0131l\u0131m ve kod ya da web sitesi geli\u015ftirme; bili\u015fim sistem ve a\u011flar\u0131n\u0131n kurulumu, bak\u0131m\u0131 ve y\u00f6netimi, siber g\u00fcvenlik, veri analiti\u011fi, veri madencili\u011fi ve g\u00f6rselle\u015ftirmesi; programlama, robotik ve yapay zek\u00e2 e\u011fitimleri. Genel m\u00fc\u015fteri hizmetleri, talep olu\u015fturma, veri giri\u015fi ya da rutin ofis g\u00f6revleri bu kapsamda say\u0131lmaz. Hareketlili\u011fin DoT kapsam\u0131nda oldu\u011fu belgelendirilmesi gerekmektedir.<\/li>\n<li>Se\u00e7im kriterlerini sa\u011flayan her \u00f6\u011frenci hareketlilikten hibesiz olarak faydalanabilir.<\/li>\n<li>Durumun \u015fehit\/gazilik belgesi ve Dijital T\u00fcrkiye Portali (e-Devlet Kap\u0131s\u0131) \u00fczerinden al\u0131nm\u0131\u015f g\u00fcncel tarihli N\u00fcfus Kay\u0131t \u00d6rne\u011fi (N\u00fcfus Aile) belgesi ile belgelendirilmesi gerekmektedir<\/li>\n<li>Durumun ilgili makamlardan al\u0131nm\u0131\u015f belgeler ile belgelendirilmesi gerekmektedir.<\/li>\n<\/ol>\n<p>[\/vc_column_text][\/vc_tta_section][vc_tta_section i_icon_fontawesome=&#8221;fas fa-euro-sign&#8221; add_icon=&#8221;true&#8221; title=&#8221;H\u0130BE M\u0130KTARI&#8221; tab_id=&#8221;grant&#8221;][vc_column_text]<div id=\"footable_parent_1499\"\n         class=\" footable_parent ninja_table_wrapper loading_ninja_table wp_table_data_press_parent semantic_ui \">\n                <table data-ninja_table_instance=\"ninja_table_instance_3\" data-footable_id=\"1499\" data-filter-delay=\"1000\" aria-label=\"2021-2027 STD GRANT TABLE\"            id=\"footable_1499\"\n           data-unique_identifier=\"ninja_table_unique_id_1483437192_1499\"\n           class=\" foo-table ninja_footable foo_table_1499 ninja_table_unique_id_1483437192_1499 ui table  nt_type_ajax_table selectable striped compact vertical_centered  footable-paging-right ninja_table_search_disabled\">\n                <colgroup>\n                            <col class=\"ninja_column_0 \">\n                            <col class=\"ninja_column_1 \">\n                            <col class=\"ninja_column_2 \">\n                            <col class=\"ninja_column_3 \">\n                    <\/colgroup>\n            <\/table>\n    \n    \n    \n<\/div>\n<\/p>\n<ul>\n<li>Staj hareketlili\u011fi en az 2, en fazla 6 ay s\u00fcre ile hibelendirilecektir. Hareketlilik s\u00fcresi son hareketlilik tarihi sonras\u0131n\u0131 kapsayamaz.<\/li>\n<\/ul>\n<p>[\/vc_column_text][\/vc_tta_section][vc_tta_section i_icon_fontawesome=&#8221;fas fa-edit&#8221; add_icon=&#8221;true&#8221; title=&#8221;YABANCI D\u0130L SINAVI&#8221; tab_id=&#8221;exam&#8221;][vc_column_text]Erasmus+ ba\u015fvurusunun de\u011ferlendirilebilmesi i\u00e7in dil seviyesinin belirlenmesi gerekmektedir. Dil seviyesinin belirlenmesi amac\u0131yla Uluslararas\u0131 \u0130li\u015fkiler Ofisi Yabanc\u0131 Dil S\u0131nav\u0131 yap\u0131lmaktad\u0131r. Bu s\u0131nava kat\u0131l\u0131m \u00fccretsizdir. Yap\u0131lacak olan dil s\u0131nav\u0131 yaln\u0131zca bu ilan i\u00e7in ge\u00e7erlidir ve ba\u015fka bir ilanda kullan\u0131lamamaktad\u0131r. \u00d6SYM taraf\u0131ndan yap\u0131lan Yabanc\u0131 Dil S\u0131navlar\u0131 (YDS, e-YDS, Y\u00d6KD\u0130L, KPDS, \u00dcDS) ve \u00d6SYM Uluslararas\u0131 Yabanc\u0131 Dil S\u0131navlar\u0131n\u0131n E\u015fde\u011ferlikleri D\u00f6k\u00fcman\u0131nda belirtilen bu s\u0131navlara e\u015fde\u011fer say\u0131lan uluslararas\u0131 yabanc\u0131 dil s\u0131navlar\u0131 da ge\u00e7erlidir. S\u0131nav\u0131n tarihi ve s\u0131nav ile ilgili ayr\u0131nt\u0131lar a\u015fa\u011f\u0131da belirtilmi\u015ftir.<\/p>\n<p>Yabanc\u0131 dil s\u0131nav\u0131n\u0131n diline ve b\u00f6l\u00fcme g\u00f6re baraj puanlar a\u015fa\u011f\u0131daki tabloda belirtilmi\u015ftir.<\/p>\n<p><div id=\"footable_parent_1501\"\n         class=\" footable_parent ninja_table_wrapper loading_ninja_table wp_table_data_press_parent semantic_ui \">\n                <table data-ninja_table_instance=\"ninja_table_instance_4\" data-footable_id=\"1501\" data-filter-delay=\"1000\" aria-label=\"YDS S\u0131nav Baraj Puanlar\"            id=\"footable_1501\"\n           data-unique_identifier=\"ninja_table_unique_id_2829664158_1501\"\n           class=\" foo-table ninja_footable foo_table_1501 ninja_table_unique_id_2829664158_1501 ui table  nt_type_ajax_table selectable striped compact vertical_centered  footable-paging-right ninja_table_search_disabled\">\n                <colgroup>\n                            <col class=\"ninja_column_0 \">\n                            <col class=\"ninja_column_1 \">\n                            <col class=\"ninja_column_2 \">\n                    <\/colgroup>\n            <\/table>\n    \n    \n    \n<\/div>\n[\/vc_column_text][\/vc_tta_section][\/vc_tta_accordion][vc_custom_heading text=&#8221;DOSYALAR&#8221; use_theme_fonts=&#8221;yes&#8221;][vc_row_inner][vc_column_inner width=&#8221;1\/2&#8243;][vc_btn title=&#8221;\u0130LAN METN\u0130 (PDF)&#8221; style=&#8221;flat&#8221; color=&#8221;primary&#8221; i_icon_fontawesome=&#8221;far fa-file-alt&#8221; add_icon=&#8221;true&#8221; link=&#8221;url:https%3A%2F%2Fcumhuriyetedutr-my.sharepoint.com%2F%3Ab%3A%2Fg%2Fpersonal%2Ferasmus_cumhuriyet_edu_tr%2FEQqcWyF6tbBPlB_g4_MVR10ByoI_d3FpxtUaVso9aPRSAg%3Fe%3DPHZHTV|target:_blank&#8221;][\/vc_column_inner][vc_column_inner width=&#8221;1\/2&#8243;][vc_btn title=&#8221;2022 KA131 UYGULAMA EL K\u0130TABI (PDF)&#8221; style=&#8221;flat&#8221; i_icon_fontawesome=&#8221;fas fa-book&#8221; add_icon=&#8221;true&#8221; link=&#8221;url:https%3A%2F%2Fcumhuriyetedutr-my.sharepoint.com%2F%3Ab%3A%2Fg%2Fpersonal%2Ferasmus_cumhuriyet_edu_tr%2FERLaz1cP3g1PqNVsd6CgnvYBy4sySv9wBdpMkIRHeYhoGA%3Fe%3Dln7gE9|target:_blank&#8221;][\/vc_column_inner][\/vc_row_inner][vc_row_inner][vc_column_inner width=&#8221;1\/2&#8243;][vc_btn title=&#8221;BA\u015eVURU KILAVUZU (PDF)&#8221; style=&#8221;flat&#8221; color=&#8221;info&#8221; i_icon_fontawesome=&#8221;far fa-file-alt&#8221; add_icon=&#8221;true&#8221; link=&#8221;url:https%3A%2F%2Fcumhuriyetedutr-my.sharepoint.com%2F%3Ab%3A%2Fg%2Fpersonal%2Ferasmus_cumhuriyet_edu_tr%2FEcMWV_PAruxAtklG2d7wfNIBLn6QeKe8FT4zyS1ui1J2Zg%3Fe%3DaOo38M|target:_blank&#8221;][\/vc_column_inner][vc_column_inner width=&#8221;1\/2&#8243;][vc_btn title=&#8221;2023 ERASMUS+ PROGRAM REHBER\u0130 (PDF)&#8221; style=&#8221;flat&#8221; i_icon_fontawesome=&#8221;fas fa-book&#8221; add_icon=&#8221;true&#8221; link=&#8221;url:https%3A%2F%2Ferasmus-plus.ec.europa.eu%2Fsites%2Fdefault%2Ffiles%2F2022-11%2FErasmus%252BProgramme%2520Guide2023_en.pdf|target:_blank&#8221;][\/vc_column_inner][\/vc_row_inner][vc_custom_heading text=&#8221;BA\u015eVURU&#8221; use_theme_fonts=&#8221;yes&#8221;][vc_row_inner][vc_column_inner width=&#8221;1\/2&#8243;][vc_btn title=&#8221;BA\u015eVURU ADRES\u0130 (Ba\u015fvurular ilgili tarihler aras\u0131nda al\u0131nacakt\u0131r)&#8221; style=&#8221;flat&#8221; color=&#8221;danger&#8221; i_icon_fontawesome=&#8221;fas fa-globe&#8221; add_icon=&#8221;true&#8221; link=&#8221;url:%2Ferasmus%2Foutgoing%2Fapplication%2F|target:_blank&#8221;][\/vc_column_inner][vc_column_inner width=&#8221;1\/2&#8243;][vc_btn title=&#8221;Ba\u015fvuru s\u0131ras\u0131nda olu\u015fan teknik aksakl\u0131klar\u0131 bildirmek i\u00e7in t\u0131klay\u0131n\u0131z&#8221; style=&#8221;flat&#8221; color=&#8221;orange&#8221; i_icon_fontawesome=&#8221;fas fa-book&#8221; add_icon=&#8221;true&#8221; link=&#8221;url:https%3A%2F%2Fforms.office.com%2Fr%2FJty5UmhdC5|target:_blank&#8221;][\/vc_column_inner][\/vc_row_inner][vc_row_inner][vc_column_inner width=&#8221;1\/2&#8243;][\/vc_column_inner][vc_column_inner width=&#8221;1\/2&#8243;][vc_btn title=&#8221;Hizmet kalitemizi de\u011ferlendirmek i\u00e7in t\u0131klay\u0131n\u0131z&#8221; style=&#8221;flat&#8221; color=&#8221;sandy-brown&#8221; i_icon_fontawesome=&#8221;fas fa-book&#8221; add_icon=&#8221;true&#8221; link=&#8221;url:https%3A%2F%2Fforms.office.com%2Fr%2FFHyNB0MBKK|target:_blank&#8221;][\/vc_column_inner][\/vc_row_inner][vc_column_text]<strong>* Bu sayfadaki veri ile ilan metninin PDF s\u00fcr\u00fcm\u00fc aras\u0131nda bir uyu\u015fmazl\u0131k olmas\u0131 durumunda PDF s\u00fcr\u00fcm\u00fc esas al\u0131n\u0131r.<\/strong>[\/vc_column_text][\/vc_column][\/vc_row]<\/p>\n","protected":false},"excerpt":{"rendered":"<p>[vc_row][vc_column][vc_tta_accordion style=&#8221;flat&#8221; color=&#8221;sky&#8221; active_section=&#8221;0&#8243; no_fill=&#8221;true&#8221; collapsible_all=&#8221;true&#8221;][vc_tta_section i_icon_fontawesome=&#8221;fas fa-info-circle&#8221; add_icon=&#8221;true&#8221; title=&#8221;\u0130lan Bilgileri&#8221; tab_id=&#8221;callinfo&#8221;][vc_custom_heading text=&#8221;\u0130LAN B\u0130LG\u0130LER\u0130&#8221; use_theme_fonts=&#8221;yes&#8221;][vc_column_text]\u0130LAN ADI:\u00a0ERASMUS+ \u00d6\u011eRENC\u0130 \u00d6\u011eREN\u0130M VE STAJ HAREKETL\u0130L\u0130\u011e\u0130 \u0130LANI \u0130LAN ALT BA\u015eLI\u011eI: 2022 &amp; 2023 YILLARI KA131 (AB \u00dcye \u00dclkeleri ve Programla \u0130li\u015fkili \u00dc\u00e7\u00fcnc\u00fc \u00dclkeler) PROJELER\u0130 PROJE T\u00dcR\u00dc: TEK ve B\u0130RDEN FAZLA (KONSORS\u0130YUM) YARARLANICILI PROJELER \u0130LAN PROJE NO: 2022-1-TR01-KA131-HED-000057314, 2023-1-TR01-KA131-HED-0000XXXXX, 2022-TR01-KA131-HED-0000064914, 2022-TR01-KA131-HED-0000059267, [&hellip;]<\/p>\n","protected":false},"author":1,"featured_media":0,"comment_status":"closed","ping_status":"open","sticky":false,"template":"","format":"standard","meta":{"_gspb_post_css":"","footnotes":""},"categories":[58,41,43,40,44,46],"tags":[],"class_list":["post-1489","post","type-post","status-publish","format-standard","hentry","category-ka131_out_std_app","category-erasmus","category-out","category-calls","category-ka131_out","category-ka131_out_std"],"blocksy_meta":[],"_links":{"self":[{"href":"https:\/\/erasmus.cumhuriyet.edu.tr\/en\/wp-json\/wp\/v2\/posts\/1489","targetHints":{"allow":["GET"]}}],"collection":[{"href":"https:\/\/erasmus.cumhuriyet.edu.tr\/en\/wp-json\/wp\/v2\/posts"}],"about":[{"href":"https:\/\/erasmus.cumhuriyet.edu.tr\/en\/wp-json\/wp\/v2\/types\/post"}],"author":[{"embeddable":true,"href":"https:\/\/erasmus.cumhuriyet.edu.tr\/en\/wp-json\/wp\/v2\/users\/1"}],"replies":[{"embeddable":true,"href":"https:\/\/erasmus.cumhuriyet.edu.tr\/en\/wp-json\/wp\/v2\/comments?post=1489"}],"version-history":[{"count":32,"href":"https:\/\/erasmus.cumhuriyet.edu.tr\/en\/wp-json\/wp\/v2\/posts\/1489\/revisions"}],"predecessor-version":[{"id":3232,"href":"https:\/\/erasmus.cumhuriyet.edu.tr\/en\/wp-json\/wp\/v2\/posts\/1489\/revisions\/3232"}],"wp:attachment":[{"href":"https:\/\/erasmus.cumhuriyet.edu.tr\/en\/wp-json\/wp\/v2\/media?parent=1489"}],"wp:term":[{"taxonomy":"category","embeddable":true,"href":"https:\/\/erasmus.cumhuriyet.edu.tr\/en\/wp-json\/wp\/v2\/categories?post=1489"},{"taxonomy":"post_tag","embeddable":true,"href":"https:\/\/erasmus.cumhuriyet.edu.tr\/en\/wp-json\/wp\/v2\/tags?post=1489"}],"curies":[{"name":"wp","href":"https:\/\/api.w.org\/{rel}","templated":true}]}}